{"id":250,"date":"2026-02-09T09:53:44","date_gmt":"2026-02-09T09:53:44","guid":{"rendered":"https:\/\/eskigazeteci.com\/?p=250"},"modified":"2026-02-09T09:53:44","modified_gmt":"2026-02-09T09:53:44","slug":"haber-100","status":"publish","type":"post","link":"https:\/\/eskigazeteci.com\/?p=250","title":{"rendered":"Haber"},"content":{"rendered":"<p>\u0130stanbul\u2019da son g\u00fcnlerde etkili olan ya\u011f\u0131\u015f\u0131n ard\u0131ndan barajlardaki doluluk oranlar\u0131 artt\u0131. \u0130SK\u0130 taraf\u0131ndan bug\u00fcn itibariyle yap\u0131lan \u00f6l\u00e7\u00fcmlerde doluluk oranlar\u0131n\u0131 y\u00fczde 35.8 olarak \u00f6l\u00e7\u00fcld\u00fc. Topra\u011f\u0131n ya\u011fmura doymas\u0131n\u0131n ard\u0131ndan baraj g\u00f6llerini besleyen debilerinin artmas\u0131yla 15 g\u00fcn i\u00e7inde doluluk oran\u0131 y\u00fczde 27.34\u2019den y\u00fczde 35.08\u2019e y\u00fckseldi.<\/p>\n<p>\u00d6MERL\u0130 BARAJI&#x27;NDA DOLULUK Y\u00dcZDE 51&#x27;E Y\u00dcKSELD\u0130<\/p>\n<p>Ge\u00e7ti\u011fimiz kas\u0131m ay\u0131nda y\u00fczde 15.13\u2019e kadar gerileyen \u00d6merli baraj\u0131ndaki doluluk y\u00fczde 51.01\u2019e kadar y\u00fckseldi. Son 15 g\u00fcn i\u00e7inde \u00d6merli baraj g\u00f6l\u00fc havzas\u0131nda doluluk oran\u0131 y\u00fczde 35.72\u2019den y\u00fczde 51.01\u2019e y\u00fckseldi.<\/p>\n<p>ELMALI BARAJ G\u00d6L\u00dc HAVZASI Y\u00dcZDE 94<\/p>\n<p>\u0130stanbul\u2019un barajlar\u0131nda en dolu baraj y\u00fczde 94.21 doluluk oran\u0131yla Elmal\u0131 baraj g\u00f6l\u00fc havzas\u0131 oldu. \u0130stanbul\u2019un kuzeyinde bulunan ve k\u0131sa bir s\u00fcre \u00f6nce adeta kuruyan Kazandere baraj\u0131nda doluluk oran\u0131 y\u00fczde 12.04 , Papu\u00e7dere baraj\u0131nda 11.62\u2019ye ula\u015ft\u0131.<\/p>\n<p>\u0130stanbul \u2019un barajlar\u0131nda doluluk oranlar\u0131<\/p>\n<p>\u00d6MERL\u0130 %51.01<\/p>\n<p>DARLIK %55.07<\/p>\n<p>ELMALI %94.21<\/p>\n<p>TERKOS %22.99<\/p>\n<p>AL\u0130BEYK\u00d6Y %31.53<\/p>\n<p>B\u00dcY\u00dcK\u00c7EKMECE %25.88<\/p>\n<p>SAZLIDERE %22.07<\/p>\n<p>ISTARNACALAR %64.81<\/p>\n<p>KAZANDERE %12.04<\/p>\n<p>PAPU\u00c7DERE %11.62<\/p>\n<p>T\u00fcrkiye g\u00fcndeminden son dakika haberleri, bug\u00fcn ya\u015fanan en son geli\u015fmeler, siyaset g\u00fcndeminden g\u00fcncel haberler ve b\u00fct\u00fcn son dakika haberleri i\u00e7in H\u00fcrriyet&#x27;in internet haber sitesi hurriyet.com.tr; Hurriyet.com.tr haber i\u00e7erikleri kaynak g\u00f6sterilmeden al\u0131nt\u0131 yap\u0131lamaz, Kanuna ayk\u0131r\u0131 ve izinsiz olarak kopyalanamaz, ba\u015fka yerde yay\u0131nlanamaz.<\/p>\n","protected":false},"excerpt":{"rendered":"<p>\u0130stanbul\u2019un barajlar\u0131nda doluluk oran\u0131 y\u00fckseliyor. \u0130SK\u0130 verilerine g\u00f6re bug\u00fcn itibariyle baraj doluluk oranlar\u0131 y\u00fczde 35.8 olarak \u00f6l\u00e7\u00fcld\u00fc. Ancak yine de bu&#8230;<\/p>\n","protected":false},"author":2,"featured_media":249,"comment_status":"open","ping_status":"open","sticky":false,"template":"","format":"standard","meta":{"footnotes":""},"categories":[8,3],"tags":[],"class_list":["post-250","post","type-post","status-publish","format-standard","has-post-thumbnail","hentry","category-arsiv","category-siyaset"],"_links":{"self":[{"href":"https:\/\/eskigazeteci.com\/index.php?rest_route=\/wp\/v2\/posts\/250","targetHints":{"allow":["GET"]}}],"collection":[{"href":"https:\/\/eskigazeteci.com\/index.php?rest_route=\/wp\/v2\/posts"}],"about":[{"href":"https:\/\/eskigazeteci.com\/index.php?rest_route=\/wp\/v2\/types\/post"}],"author":[{"embeddable":true,"href":"https:\/\/eskigazeteci.com\/index.php?rest_route=\/wp\/v2\/users\/2"}],"replies":[{"embeddable":true,"href":"https:\/\/eskigazeteci.com\/index.php?rest_route=%2Fwp%2Fv2%2Fcomments&post=250"}],"version-history":[{"count":0,"href":"https:\/\/eskigazeteci.com\/index.php?rest_route=\/wp\/v2\/posts\/250\/revisions"}],"wp:featuredmedia":[{"embeddable":true,"href":"https:\/\/eskigazeteci.com\/index.php?rest_route=\/wp\/v2\/media\/249"}],"wp:attachment":[{"href":"https:\/\/eskigazeteci.com\/index.php?rest_route=%2Fwp%2Fv2%2Fmedia&parent=250"}],"wp:term":[{"taxonomy":"category","embeddable":true,"href":"https:\/\/eskigazeteci.com\/index.php?rest_route=%2Fwp%2Fv2%2Fcategories&post=250"},{"taxonomy":"post_tag","embeddable":true,"href":"https:\/\/eskigazeteci.com\/index.php?rest_route=%2Fwp%2Fv2%2Ftags&post=250"}],"curies":[{"name":"wp","href":"https:\/\/api.w.org\/{rel}","templated":true}]}}