{"id":2497,"date":"2026-02-20T12:40:40","date_gmt":"2026-02-20T12:40:40","guid":{"rendered":"https:\/\/eskigazeteci.com\/?p=2497"},"modified":"2026-02-20T12:40:40","modified_gmt":"2026-02-20T12:40:40","slug":"fenerbahcenin-nottingham-forest-yenilgisi-ingilterede-mansetlerde-her-hafta-sizinle-oynayabilir-miyiz-fenerbahce-daha-agir-bir-yenilgiden-kurtuldugu","status":"publish","type":"post","link":"https:\/\/eskigazeteci.com\/?p=2497","title":{"rendered":"Fenerbah\u00e7e&#8217;nin Nottingham Forest yenilgisi \u0130ngiltere&#8217;de man\u015fetlerde: &#8216;Her hafta sizinle oynayabilir miyiz?&#8217; , &#8216;Fenerbah\u00e7e daha a\u011f\u0131r bir yenilgiden kurtuldu\u011fu&#8230;"},"content":{"rendered":"<p>Fenerbah\u00e7e , UEFA Avrupa Ligi son 16 turu play-off turu ilk ma\u00e7\u0131nda d\u00fcn ak\u015fam \u0130ngiltere temsilcisi Nottingham Forest&#x27;\u0131 konuk etti.<\/p>\n<p>Sar\u0131-lacivertliler, tamamen dolu trib\u00fcnler \u00f6n\u00fcnde oynanan kar\u015f\u0131la\u015fmada pek varl\u0131k g\u00f6steremedi ve sahadan 3-0&#x27;l\u0131k net bir yenilgiyle ayr\u0131larak turu olduk\u00e7a zora soktu.<\/p>\n<p>Fenerbah\u00e7e teknik direkt\u00f6r\u00fc Domenico Tedesco, ma\u00e7\u0131n ard\u0131ndan yapt\u0131\u011f\u0131 a\u00e7\u0131klamada, &quot;Ma\u011flubiyeti hak ettik. \u0130lk yar\u0131 4-0, 5-0 bile olabilirdi. Do\u011fru d\u00fczg\u00fcn pozisyon \u00fcretemedik.&quot; ifadelerini kulland\u0131.<\/p>\n<p>\u0130NG\u0130LTERE BASINI NOTTINGHAM&#x27;IN PERFORMANSINI KONU\u015eUYOR<\/p>\n<p>Nottingham&#x27;\u0131n \u0130stanbul&#x27;da galibiyet, \u0130ngiltere spor bas\u0131n\u0131nda geni\u015f yank\u0131 uyand\u0131rd\u0131. \u0130\u015fte Fenerbah\u00e7e&#x27;nin evinde ald\u0131\u011f\u0131 a\u011f\u0131r yenilginin Ada bas\u0131n\u0131ndaki yans\u0131malar\u0131\u2026<\/p>\n<p>THE GUARDIAN: &quot;VITOR PEREAIRA Y\u00d6NET\u0130M\u0130NDEK\u0130 NOTTINGHAM, FENERBAH\u00c7E&#x27;Y\u0130 DOMINE EDEREK M\u00dcKEMMEL B\u0130R BA\u015eLANGI\u00c7 YAPTI&quot;<\/p>\n<p>&quot;Vitor Pereira y\u00f6netimindeki Nottingham Forest, \u0130stanbul&#x27;da kendilerini destekleyen 1200 taraftarla birlikte unutulmaz bir ak\u015fam ya\u015fad\u0131.<\/p>\n<p>Pereira, tak\u0131mla yapt\u0131\u011f\u0131 sadece 3 antrenman sonras\u0131nda Forest&#x27;\u0131n ba\u015f\u0131nda \u00e7\u0131kt\u0131\u011f\u0131 ilk ma\u00e7ta, Avrupa Ligi son 16 turuna y\u00fckselme yolunda 3-0 gibi etkileyici bir galibiyete imza att\u0131.<\/p>\n<p>Ma\u00e7 bitti\u011finde Nottinham Forest taraftarlar\u0131,&#8230;<\/p>\n","protected":false},"excerpt":{"rendered":"<p>UEFA Avrupa Ligi son 16 turu play-off turu ilk ma\u00e7\u0131nda Fenerbah\u00e7e d\u00fcn ak\u015fam sahas\u0131nda kar\u015f\u0131la\u015ft\u0131\u011f\u0131 Nottingham Forest&#8217;a 3-0 ma\u011flup olarak turu b\u00fcy\u00fck \u00f6l\u00e7\u00fcde&#8230;<\/p>\n","protected":false},"author":2,"featured_media":2496,"comment_status":"open","ping_status":"open","sticky":false,"template":"","format":"standard","meta":{"footnotes":""},"categories":[8,5,7],"tags":[],"class_list":["post-2497","post","type-post","status-publish","format-standard","has-post-thumbnail","hentry","category-arsiv","category-son-dakika","category-spor"],"_links":{"self":[{"href":"https:\/\/eskigazeteci.com\/index.php?rest_route=\/wp\/v2\/posts\/2497","targetHints":{"allow":["GET"]}}],"collection":[{"href":"https:\/\/eskigazeteci.com\/index.php?rest_route=\/wp\/v2\/posts"}],"about":[{"href":"https:\/\/eskigazeteci.com\/index.php?rest_route=\/wp\/v2\/types\/post"}],"author":[{"embeddable":true,"href":"https:\/\/eskigazeteci.com\/index.php?rest_route=\/wp\/v2\/users\/2"}],"replies":[{"embeddable":true,"href":"https:\/\/eskigazeteci.com\/index.php?rest_route=%2Fwp%2Fv2%2Fcomments&post=2497"}],"version-history":[{"count":0,"href":"https:\/\/eskigazeteci.com\/index.php?rest_route=\/wp\/v2\/posts\/2497\/revisions"}],"wp:featuredmedia":[{"embeddable":true,"href":"https:\/\/eskigazeteci.com\/index.php?rest_route=\/wp\/v2\/media\/2496"}],"wp:attachment":[{"href":"https:\/\/eskigazeteci.com\/index.php?rest_route=%2Fwp%2Fv2%2Fmedia&parent=2497"}],"wp:term":[{"taxonomy":"category","embeddable":true,"href":"https:\/\/eskigazeteci.com\/index.php?rest_route=%2Fwp%2Fv2%2Fcategories&post=2497"},{"taxonomy":"post_tag","embeddable":true,"href":"https:\/\/eskigazeteci.com\/index.php?rest_route=%2Fwp%2Fv2%2Ftags&post=2497"}],"curies":[{"name":"wp","href":"https:\/\/api.w.org\/{rel}","templated":true}]}}