{"id":2493,"date":"2026-02-20T12:30:39","date_gmt":"2026-02-20T12:30:39","guid":{"rendered":"https:\/\/eskigazeteci.com\/?p=2493"},"modified":"2026-02-20T12:30:39","modified_gmt":"2026-02-20T12:30:39","slug":"gunun-mac-programi-20-subat-2026","status":"publish","type":"post","link":"https:\/\/eskigazeteci.com\/?p=2493","title":{"rendered":"G\u00dcN\u00dcN MA\u00c7 PROGRAMI 20 \u015eUBAT 2026"},"content":{"rendered":"<p>20 \u015eubat 2026 g\u00fcn\u00fcn ma\u00e7 program\u0131, sporseverler taraf\u0131ndan ara\u015ft\u0131r\u0131l\u0131yor. Basketbol Erkekler T\u00fcrkiye Kupas\u0131&#x27;nda D\u00f6rtl\u00fc Final heyecan\u0131 ba\u015fl\u0131yor. T\u00fcrk Telekom, Fenerbah\u00e7e Beko, Be\u015fikta\u015f GA\u0130N ve Anadolu Efes, T\u00fcrkiye Kupas\u0131 finali i\u00e7in m\u00fccadele edecek. Di\u011fer taraftan Rizespor ve Kocaelispor, S\u00fcper Lig 23. hafta a\u00e7\u0131l\u0131\u015f ma\u00e7\u0131nda kar\u015f\u0131 kar\u015f\u0131ya geliyor. Peki bu ak\u015fam kimin ma\u00e7\u0131 var m\u0131? \u0130\u015fte ayr\u0131nt\u0131lar&#8230;<\/p>\n<p>17.15 Be\u015fikta\u015f GA\u0130N-Anadolu Efes 20.45 Fenerbah\u00e7e Beko-T\u00fcrk Telekom<\/p>\n<p>17.15 Be\u015fikta\u015f GA\u0130N-Anadolu Efes<\/p>\n<p>20.45 Fenerbah\u00e7e Beko-T\u00fcrk Telekom<\/p>\n<p>20:00 Rizespor &#8211; Kocaelispor<\/p>\n<p>T\u00fcrkiye&#x27;den ve D\u00fcnya\u2019dan son dakika haberleri, k\u00f6\u015fe yaz\u0131lar\u0131, magazinden siyasete, spordan seyahate b\u00fct\u00fcn konular\u0131n tek adresi Hurriyet.com.tr haber i\u00e7erikleri izin al\u0131nmadan, kaynak g\u00f6sterilerek dahi iktibas edilemez. Kanuna ayk\u0131r\u0131 ve izinsiz olarak kopyalanamaz, ba\u015fka yerde yay\u0131nlanamaz.<\/p>\n","protected":false},"excerpt":{"rendered":"<p>Bug\u00fcnk\u00fc ma\u00e7 program\u0131 ve saatleri, 20 \u015eubat 2026 ma\u00e7 program\u0131 ile netlik kazand\u0131. Sporseverler, g\u00fcn\u00fcn ma\u00e7lar\u0131 ve di\u011fer detaylar\u0131 odakland\u0131. Basketbol Erkekler&#8230;<\/p>\n","protected":false},"author":2,"featured_media":2492,"comment_status":"open","ping_status":"open","sticky":false,"template":"","format":"standard","meta":{"footnotes":""},"categories":[8,5,7],"tags":[],"class_list":["post-2493","post","type-post","status-publish","format-standard","has-post-thumbnail","hentry","category-arsiv","category-son-dakika","category-spor"],"_links":{"self":[{"href":"https:\/\/eskigazeteci.com\/index.php?rest_route=\/wp\/v2\/posts\/2493","targetHints":{"allow":["GET"]}}],"collection":[{"href":"https:\/\/eskigazeteci.com\/index.php?rest_route=\/wp\/v2\/posts"}],"about":[{"href":"https:\/\/eskigazeteci.com\/index.php?rest_route=\/wp\/v2\/types\/post"}],"author":[{"embeddable":true,"href":"https:\/\/eskigazeteci.com\/index.php?rest_route=\/wp\/v2\/users\/2"}],"replies":[{"embeddable":true,"href":"https:\/\/eskigazeteci.com\/index.php?rest_route=%2Fwp%2Fv2%2Fcomments&post=2493"}],"version-history":[{"count":0,"href":"https:\/\/eskigazeteci.com\/index.php?rest_route=\/wp\/v2\/posts\/2493\/revisions"}],"wp:featuredmedia":[{"embeddable":true,"href":"https:\/\/eskigazeteci.com\/index.php?rest_route=\/wp\/v2\/media\/2492"}],"wp:attachment":[{"href":"https:\/\/eskigazeteci.com\/index.php?rest_route=%2Fwp%2Fv2%2Fmedia&parent=2493"}],"wp:term":[{"taxonomy":"category","embeddable":true,"href":"https:\/\/eskigazeteci.com\/index.php?rest_route=%2Fwp%2Fv2%2Fcategories&post=2493"},{"taxonomy":"post_tag","embeddable":true,"href":"https:\/\/eskigazeteci.com\/index.php?rest_route=%2Fwp%2Fv2%2Ftags&post=2493"}],"curies":[{"name":"wp","href":"https:\/\/api.w.org\/{rel}","templated":true}]}}