{"id":2491,"date":"2026-02-20T12:20:40","date_gmt":"2026-02-20T12:20:40","guid":{"rendered":"https:\/\/eskigazeteci.com\/?p=2491"},"modified":"2026-02-20T12:20:40","modified_gmt":"2026-02-20T12:20:40","slug":"fibanin-guc-siralamasinda-turkiye-ilk-sirada","status":"publish","type":"post","link":"https:\/\/eskigazeteci.com\/?p=2491","title":{"rendered":"FIBA&#8217;n\u0131n &#8216;g\u00fc\u00e7 s\u0131ralamas\u0131nda&#8217; T\u00fcrkiye ilk s\u0131rada!"},"content":{"rendered":"<p>FIBA yapt\u0131\u011f\u0131 a\u00e7\u0131klamada, T\u00fcrkiye&#x27;nin bundan \u00f6nce a\u00e7\u0131klanan g\u00fc\u00e7 s\u0131ralamas\u0131ndaki birincili\u011fine at\u0131f yaparak &quot;Zaten zirvedeydiler ve \u015fimdi daha da iyi oldular.&quot; dedi.<\/p>\n<p>T\u00fcrk vatanda\u015fl\u0131\u011f\u0131na ge\u00e7en Malachi Flynn&#x27;in Bah\u00e7e\u015fehir Koleji&#x27;ndeki performans\u0131ndan \u00f6vg\u00fcyle bahsedilen a\u00e7\u0131klamada, 27 ya\u015f\u0131ndaki oyuncu i\u00e7in &quot;T\u00fcrkiye, Flynn&#x27;in tak\u0131ma katk\u0131s\u0131na derhal ihtiyac\u0131 olacak, bu ma\u00e7 d\u00f6neminde kar\u015f\u0131la\u015facaklar\u0131 iki ma\u00e7l\u0131k seriye bir bak\u0131n!&quot; ifadelerine yer verildi.<\/p>\n<p>T\u00fcrkiye &#x27;yi ilk 5&#x27;te s\u0131ras\u0131yla Yunanistan, Almanya, S\u0131rbistan ve \u0130spanya takip etti.<\/p>\n<p>T\u00fcrkiye&#x27;den ve D\u00fcnya\u2019dan son dakika haberleri, k\u00f6\u015fe yaz\u0131lar\u0131, magazinden siyasete, spordan seyahate b\u00fct\u00fcn konular\u0131n tek adresi Hurriyet.com.tr haber i\u00e7erikleri izin al\u0131nmadan, kaynak g\u00f6sterilerek dahi iktibas edilemez. Kanuna ayk\u0131r\u0131 ve izinsiz olarak kopyalanamaz, ba\u015fka yerde yay\u0131nlanamaz.<\/p>\n","protected":false},"excerpt":{"rendered":"<p>T\u00fcrkiye, FIBA 2027 Basketbol D\u00fcnya Kupas\u0131 Avrupa Elemeleri g\u00fc\u00e7 s\u0131ralamas\u0131nda ilk s\u0131radaki yerini korudu.<\/p>\n","protected":false},"author":2,"featured_media":2490,"comment_status":"open","ping_status":"open","sticky":false,"template":"","format":"standard","meta":{"footnotes":""},"categories":[8,5,7],"tags":[],"class_list":["post-2491","post","type-post","status-publish","format-standard","has-post-thumbnail","hentry","category-arsiv","category-son-dakika","category-spor"],"_links":{"self":[{"href":"https:\/\/eskigazeteci.com\/index.php?rest_route=\/wp\/v2\/posts\/2491","targetHints":{"allow":["GET"]}}],"collection":[{"href":"https:\/\/eskigazeteci.com\/index.php?rest_route=\/wp\/v2\/posts"}],"about":[{"href":"https:\/\/eskigazeteci.com\/index.php?rest_route=\/wp\/v2\/types\/post"}],"author":[{"embeddable":true,"href":"https:\/\/eskigazeteci.com\/index.php?rest_route=\/wp\/v2\/users\/2"}],"replies":[{"embeddable":true,"href":"https:\/\/eskigazeteci.com\/index.php?rest_route=%2Fwp%2Fv2%2Fcomments&post=2491"}],"version-history":[{"count":0,"href":"https:\/\/eskigazeteci.com\/index.php?rest_route=\/wp\/v2\/posts\/2491\/revisions"}],"wp:featuredmedia":[{"embeddable":true,"href":"https:\/\/eskigazeteci.com\/index.php?rest_route=\/wp\/v2\/media\/2490"}],"wp:attachment":[{"href":"https:\/\/eskigazeteci.com\/index.php?rest_route=%2Fwp%2Fv2%2Fmedia&parent=2491"}],"wp:term":[{"taxonomy":"category","embeddable":true,"href":"https:\/\/eskigazeteci.com\/index.php?rest_route=%2Fwp%2Fv2%2Fcategories&post=2491"},{"taxonomy":"post_tag","embeddable":true,"href":"https:\/\/eskigazeteci.com\/index.php?rest_route=%2Fwp%2Fv2%2Ftags&post=2491"}],"curies":[{"name":"wp","href":"https:\/\/api.w.org\/{rel}","templated":true}]}}