{"id":2489,"date":"2026-02-20T12:12:14","date_gmt":"2026-02-20T12:12:14","guid":{"rendered":"https:\/\/eskigazeteci.com\/?p=2489"},"modified":"2026-02-20T12:12:14","modified_gmt":"2026-02-20T12:12:14","slug":"bakan-tekinden-168-kisinin-imzaladigi-metne-sert-tepki-suc-duyurusunda-bulunacagiz","status":"publish","type":"post","link":"https:\/\/eskigazeteci.com\/?p=2489","title":{"rendered":"Bakan Tekin&#8217;den 168 ki\u015finin imzalad\u0131\u011f\u0131 metne sert tepki: Su\u00e7 duyurusunda bulunaca\u011f\u0131z"},"content":{"rendered":"<p>Milli E\u011fitim Bakan\u0131 Yusuf Tekin , sabah saatlerinde Artvin&#x27;e geldi. Artvin \u00c7oruh \u0130lkokulu&#x27;nu ziyaret eden Bakan Tekin, \u00f6\u011fretmenler ve \u00f6\u011frencilerle bir araya geldi. Ard\u0131ndan Artvin Valili\u011fi&#x27;ni ziyaret eden Bakan Tekin, valilik \u015feref defterini imzalad\u0131. Bakan Tekin, burada ger\u00e7ekle\u015ftirilen il e\u011fitim de\u011ferlendirme program\u0131na kat\u0131ld\u0131.<\/p>\n<p>&#x27;C\u0130DD\u0130 B\u0130R DEVR\u0130M YAPILDI&#x27;<\/p>\n<p>Program sonras\u0131 a\u00e7\u0131klamalarda Bakan Tekin, &quot;Bug\u00fcn sabah\u0131n erken saatlerinde Artvin&#x27;e geldik. Sabah buraya var\u0131r varmaz bir ilkokulumuzda \u00f6\u011fretmen arkada\u015flar\u0131m\u0131zla sohbet ettik. Ard\u0131ndan Vali Bey&#x27;in ba\u015fkanl\u0131\u011f\u0131nda Artvin&#x27;le ilgili bir genel sunum, bir de\u011ferlendirme yapt\u0131k. Hemen akabinde de \u0130l Milli E\u011fitim M\u00fcd\u00fcr\u00fcm\u00fcz, il\u00e7e milli e\u011fitim m\u00fcd\u00fcrlerimiz, il milli e\u011fitimdeki il m\u00fcd\u00fcr yard\u0131mc\u0131s\u0131 ve \u015fube m\u00fcd\u00fcr\u00fc d\u00fczeyindeki arkada\u015flar\u0131m\u0131zla oturduk ve ildeki e\u011fitim \u00f6\u011fretim ortamlar\u0131n\u0131 de\u011ferlendirdik. Tabii 2002 itibar\u0131yla Say\u0131n Cumhurba\u015fkan\u0131m\u0131z\u0131n liderli\u011finde, T\u00fcrkiye&#x27;de e\u011fitim \u00f6\u011fretim s\u00fcre\u00e7lerinde ciddi bir devrim yap\u0131ld\u0131&quot; diye konu\u015ftu.<\/p>\n<p>&#x27;ANAYASANIN KEND\u0130 \u0130\u015eLER\u0130NE GELEN MADDELER\u0130NE BAKIYORLAR&#x27;<\/p>\n<p>Ramazan ay\u0131yla ilgili faaliyetlere gelen ele\u015ftirilerine y\u00f6nelik de konu\u015fan Bakan Tekin, \u015funlar\u0131 s\u00f6yledi: &quot;Ramazanla ilgili faaliyetlerimiz&#8230;<\/p>\n","protected":false},"excerpt":{"rendered":"<p>Milli E\u011fitim Bakan\u0131 Yusuf Tekin, Ge\u00e7ti\u011fimiz g\u00fcnlerde 168 ki\u015fiden olu\u015fan bir metin imzaya a\u00e7\u0131ld\u0131. \u0130mzaland\u0131 ve bakanl\u0131\u011f\u0131m\u0131z\u0131 bu anlamda zan alt\u0131nda b\u0131rakacak&#8230;<\/p>\n","protected":false},"author":2,"featured_media":2488,"comment_status":"open","ping_status":"open","sticky":false,"template":"","format":"standard","meta":{"footnotes":""},"categories":[8,6,5],"tags":[],"class_list":["post-2489","post","type-post","status-publish","format-standard","has-post-thumbnail","hentry","category-arsiv","category-gundem","category-son-dakika"],"_links":{"self":[{"href":"https:\/\/eskigazeteci.com\/index.php?rest_route=\/wp\/v2\/posts\/2489","targetHints":{"allow":["GET"]}}],"collection":[{"href":"https:\/\/eskigazeteci.com\/index.php?rest_route=\/wp\/v2\/posts"}],"about":[{"href":"https:\/\/eskigazeteci.com\/index.php?rest_route=\/wp\/v2\/types\/post"}],"author":[{"embeddable":true,"href":"https:\/\/eskigazeteci.com\/index.php?rest_route=\/wp\/v2\/users\/2"}],"replies":[{"embeddable":true,"href":"https:\/\/eskigazeteci.com\/index.php?rest_route=%2Fwp%2Fv2%2Fcomments&post=2489"}],"version-history":[{"count":0,"href":"https:\/\/eskigazeteci.com\/index.php?rest_route=\/wp\/v2\/posts\/2489\/revisions"}],"wp:featuredmedia":[{"embeddable":true,"href":"https:\/\/eskigazeteci.com\/index.php?rest_route=\/wp\/v2\/media\/2488"}],"wp:attachment":[{"href":"https:\/\/eskigazeteci.com\/index.php?rest_route=%2Fwp%2Fv2%2Fmedia&parent=2489"}],"wp:term":[{"taxonomy":"category","embeddable":true,"href":"https:\/\/eskigazeteci.com\/index.php?rest_route=%2Fwp%2Fv2%2Fcategories&post=2489"},{"taxonomy":"post_tag","embeddable":true,"href":"https:\/\/eskigazeteci.com\/index.php?rest_route=%2Fwp%2Fv2%2Ftags&post=2489"}],"curies":[{"name":"wp","href":"https:\/\/api.w.org\/{rel}","templated":true}]}}