{"id":2485,"date":"2026-02-20T12:02:11","date_gmt":"2026-02-20T12:02:11","guid":{"rendered":"https:\/\/eskigazeteci.com\/?p=2485"},"modified":"2026-02-20T12:02:11","modified_gmt":"2026-02-20T12:02:11","slug":"cumhurbaskani-erdogan-cuma-namazini-atasehirde-kildi","status":"publish","type":"post","link":"https:\/\/eskigazeteci.com\/?p=2485","title":{"rendered":"Cumhurba\u015fkan\u0131 Erdo\u011fan, cuma namaz\u0131n\u0131 Ata\u015fehir&#8217;de k\u0131ld\u0131"},"content":{"rendered":"<p>Cumhurba\u015fkan\u0131 Recep Tayyip Erdo\u011fan, cuma namaz\u0131n\u0131 Ata\u015fehir\u2019de yeniden in\u015fa edilen \u00d6rnek Mahallesi Merkez Camii\u2019nde k\u0131ld\u0131.<\/p>\n","protected":false},"excerpt":{"rendered":"<p>Cumhurba\u015fkan\u0131 Recep Tayyip Erdo\u011fan, cuma namaz\u0131n\u0131 Ata\u015fehir\u2019de yeniden in\u015fa edilen \u00d6rnek Mahallesi Merkez Camii\u2019nde k\u0131ld\u0131.<\/p>\n","protected":false},"author":2,"featured_media":2484,"comment_status":"open","ping_status":"open","sticky":false,"template":"","format":"standard","meta":{"footnotes":""},"categories":[8,6,5],"tags":[],"class_list":["post-2485","post","type-post","status-publish","format-standard","has-post-thumbnail","hentry","category-arsiv","category-gundem","category-son-dakika"],"_links":{"self":[{"href":"https:\/\/eskigazeteci.com\/index.php?rest_route=\/wp\/v2\/posts\/2485","targetHints":{"allow":["GET"]}}],"collection":[{"href":"https:\/\/eskigazeteci.com\/index.php?rest_route=\/wp\/v2\/posts"}],"about":[{"href":"https:\/\/eskigazeteci.com\/index.php?rest_route=\/wp\/v2\/types\/post"}],"author":[{"embeddable":true,"href":"https:\/\/eskigazeteci.com\/index.php?rest_route=\/wp\/v2\/users\/2"}],"replies":[{"embeddable":true,"href":"https:\/\/eskigazeteci.com\/index.php?rest_route=%2Fwp%2Fv2%2Fcomments&post=2485"}],"version-history":[{"count":0,"href":"https:\/\/eskigazeteci.com\/index.php?rest_route=\/wp\/v2\/posts\/2485\/revisions"}],"wp:featuredmedia":[{"embeddable":true,"href":"https:\/\/eskigazeteci.com\/index.php?rest_route=\/wp\/v2\/media\/2484"}],"wp:attachment":[{"href":"https:\/\/eskigazeteci.com\/index.php?rest_route=%2Fwp%2Fv2%2Fmedia&parent=2485"}],"wp:term":[{"taxonomy":"category","embeddable":true,"href":"https:\/\/eskigazeteci.com\/index.php?rest_route=%2Fwp%2Fv2%2Fcategories&post=2485"},{"taxonomy":"post_tag","embeddable":true,"href":"https:\/\/eskigazeteci.com\/index.php?rest_route=%2Fwp%2Fv2%2Ftags&post=2485"}],"curies":[{"name":"wp","href":"https:\/\/api.w.org\/{rel}","templated":true}]}}