{"id":2483,"date":"2026-02-20T12:00:39","date_gmt":"2026-02-20T12:00:39","guid":{"rendered":"https:\/\/eskigazeteci.com\/?p=2483"},"modified":"2026-02-20T12:00:39","modified_gmt":"2026-02-20T12:00:39","slug":"ona-asik-olmayan-adama-bir-de-cocuk-dogurmustu-asagilayan-sozlere-suskun-kaldi-agzinin-payini-kizi-araciligiyla-verdi","status":"publish","type":"post","link":"https:\/\/eskigazeteci.com\/?p=2483","title":{"rendered":"Ona a\u015f\u0131k olmayan adama bir de \u00e7ocuk do\u011furmu\u015ftu: A\u015fa\u011f\u0131layan s\u00f6zlere suskun kald\u0131&#8230; A\u011fz\u0131n\u0131n pay\u0131n\u0131 k\u0131z\u0131 arac\u0131l\u0131\u011f\u0131yla verdi"},"content":{"rendered":"<p>Herkes y\u0131llarca onlar\u0131n \u00e7alkant\u0131l\u0131 ve hatta tutkulu bir a\u015fk ya\u015fad\u0131\u011f\u0131n\u0131 d\u00fc\u015f\u00fcn\u00fcrken \u015fa\u015f\u0131rtan s\u00f6zler s\u00f6yledi: Birlikte bir k\u0131z \u00e7ocuk sahibi oldu\u011fu eski sevgilisinin elbette sevdi\u011fini ama ona a\u015f\u0131k oldu\u011fu konusunda kendini emin hissetmedi\u011fini itiraf etti.<\/p>\n<p>Onun bu tart\u0131\u015fma yaratan s\u00f6zlerinden sonra da g\u00f6zler eski sevgilisine \u00e7evrildi.<\/p>\n<p>O ise yeni a\u015fk\u0131yla mutlulu\u011funu kimselerin bozmas\u0131na izin vermedi. Belki i\u00e7inde f\u0131rt\u0131nalar koptu ama suskun kald\u0131.<\/p>\n<p>Yine de sonunda kendisi hakk\u0131nda &quot;Ona a\u015f\u0131k de\u011fildim&quot; diyen eski sevgilisinden d\u00fcnyaya gelen k\u0131z\u0131 arac\u0131l\u0131\u011f\u0131yla deyim yerindeyse zarif bir yan\u0131t verdi.<\/p>\n<p>ARKASINDAN K\u00d6T\u00dc KONU\u015eAN ESK\u0130 SEVG\u0130L\u0130S\u0130NDEN B\u0130R KIZI VAR Konuyu takip edenler top model Gigi Hadid ile One Direction grubuyla \u00fcnlenen eski sevgilisi Zayn Malik&#x27;ten s\u00f6z etti\u011fimizi anlad\u0131 zaten.<\/p>\n<p>Malik, ge\u00e7en hafta verdi\u011fi bir r\u00f6portajda Gigi Hadid hakk\u0131nda &quot;K\u0131z\u0131n\u0131n annesini sevdi\u011fini ama onun i\u00e7in a\u015fka d\u00fc\u015ft\u00fc\u011f\u00fcnden emin olmad\u0131\u011f\u0131n\u0131&quot; s\u00f6ylemi\u015fti.<\/p>\n<p>Onun bu a\u00e7\u0131klamas\u0131ndan sonra g\u00f6zler Gigi Hadid&#x27;e \u00e7evrildi.<\/p>\n<p>\u0130ki y\u0131l\u0131 a\u015fk\u0131n s\u00fcredir Bradley Cooper ile ciddi bir ili\u015fki ya\u015fayan Hadid, ise asl\u0131nda gayet k\u0131r\u0131c\u0131, hatta k\u00fc\u00e7\u00fck d\u00fc\u015f\u00fcr\u00fcc\u00fc bu s\u00f6zlere direkt yan\u0131t vermedi.<\/p>\n<p>Ama k\u0131z\u0131na yazd\u0131\u011f\u0131 ve sonra Instagram&#8230;<\/p>\n","protected":false},"excerpt":{"rendered":"<p>\u00c7ok de\u011fil, daha bir hafta \u00f6nce m\u00fczik d\u00fcnyas\u0131n\u0131n y\u0131ld\u0131zlar\u0131ndan birinden bir a\u00e7\u0131klama geldi&#8230; Bu kadar dikkat \u00e7ekmesinin nedeni de bir zamanlar b\u00fcy\u00fck a\u015fk&#8230;<\/p>\n","protected":false},"author":2,"featured_media":2482,"comment_status":"open","ping_status":"open","sticky":false,"template":"","format":"standard","meta":{"footnotes":""},"categories":[8,6,5],"tags":[],"class_list":["post-2483","post","type-post","status-publish","format-standard","has-post-thumbnail","hentry","category-arsiv","category-gundem","category-son-dakika"],"_links":{"self":[{"href":"https:\/\/eskigazeteci.com\/index.php?rest_route=\/wp\/v2\/posts\/2483","targetHints":{"allow":["GET"]}}],"collection":[{"href":"https:\/\/eskigazeteci.com\/index.php?rest_route=\/wp\/v2\/posts"}],"about":[{"href":"https:\/\/eskigazeteci.com\/index.php?rest_route=\/wp\/v2\/types\/post"}],"author":[{"embeddable":true,"href":"https:\/\/eskigazeteci.com\/index.php?rest_route=\/wp\/v2\/users\/2"}],"replies":[{"embeddable":true,"href":"https:\/\/eskigazeteci.com\/index.php?rest_route=%2Fwp%2Fv2%2Fcomments&post=2483"}],"version-history":[{"count":0,"href":"https:\/\/eskigazeteci.com\/index.php?rest_route=\/wp\/v2\/posts\/2483\/revisions"}],"wp:featuredmedia":[{"embeddable":true,"href":"https:\/\/eskigazeteci.com\/index.php?rest_route=\/wp\/v2\/media\/2482"}],"wp:attachment":[{"href":"https:\/\/eskigazeteci.com\/index.php?rest_route=%2Fwp%2Fv2%2Fmedia&parent=2483"}],"wp:term":[{"taxonomy":"category","embeddable":true,"href":"https:\/\/eskigazeteci.com\/index.php?rest_route=%2Fwp%2Fv2%2Fcategories&post=2483"},{"taxonomy":"post_tag","embeddable":true,"href":"https:\/\/eskigazeteci.com\/index.php?rest_route=%2Fwp%2Fv2%2Ftags&post=2483"}],"curies":[{"name":"wp","href":"https:\/\/api.w.org\/{rel}","templated":true}]}}