{"id":2481,"date":"2026-02-20T11:52:11","date_gmt":"2026-02-20T11:52:11","guid":{"rendered":"https:\/\/eskigazeteci.com\/?p=2481"},"modified":"2026-02-20T11:52:11","modified_gmt":"2026-02-20T11:52:11","slug":"rusya-ukrayna-ve-abd-arasindaki-muzakereler-sonucsuz-kaldi","status":"publish","type":"post","link":"https:\/\/eskigazeteci.com\/?p=2481","title":{"rendered":"Rusya, Ukrayna ve ABD aras\u0131ndaki m\u00fczakereler sonu\u00e7suz kald\u0131"},"content":{"rendered":"<p>Peskov, ba\u015fkent Moskova&#x27;da gazetecilere g\u00fcndemdeki konular\u0131 de\u011ferlendirdi.<\/p>\n<p>Japonya&#x27;n\u0131n yeni Ba\u015fbakan\u0131 Takai\u00e7i Sanae&#x27;nin &quot;Rusya ile toprak sorununu \u00e7\u00f6zmek ve bar\u0131\u015f anla\u015fmas\u0131 imzalamak istedikleri&quot; y\u00f6n\u00fcndeki a\u00e7\u0131klamas\u0131n\u0131 de\u011ferlendiren Peskov, Japonya ile ili\u015fkilerin &quot;k\u00f6t\u00fc&quot; durumda oldu\u011funu belirtti.<\/p>\n<p>Peskov, &quot;Diyalog yok. Diyalog olmadan da bar\u0131\u015f anla\u015fmas\u0131n\u0131 isti\u015fare etmek imkans\u0131z. Rusya, diyalo\u011fun kopmas\u0131ndan yana de\u011fildi. Bu diyalog, Tokyo&#x27;nun iste\u011fiyle kesildi. Tokyo, \u00fclkemize kar\u015f\u0131 d\u00fc\u015fmanca yakla\u015f\u0131m sergiliyor. Dolay\u0131s\u0131yla bu ko\u015fullarda ili\u015fkilerimizin bi\u00e7imini de\u011fi\u015ftirmeden herhangi bir anla\u015fmaya varmam\u0131z m\u00fcmk\u00fcn de\u011fil.&quot; dedi.<\/p>\n<p>&#x27;NE OLACA\u011eINI G\u00d6RECE\u011e\u0130Z&#x27;<\/p>\n<p>ABD&#x27;nin Rusya&#x27;ya y\u00f6nelik bir dizi yapt\u0131r\u0131m\u0131 bir y\u0131l s\u00fcreyle uzatma karar\u0131n\u0131 de\u011ferlendiren Peskov, &quot; M\u00fczakere s\u00fcreci karma\u015f\u0131k ve uzun. Bu nedenle b\u00fcy\u00fck beklentilerimiz olmad\u0131. Bu, olduk\u00e7a otomatik bir karar. Sonras\u0131nda ne olaca\u011f\u0131n\u0131 g\u00f6rece\u011fiz.&quot; diye konu\u015ftu.<\/p>\n<p>Peskov, ABD&#x27;de re\u015fit olmayan k\u0131z \u00e7ocuklar\u0131na y\u00f6nelik cinsel istismar ve fuhu\u015f a\u011f\u0131 kurma su\u00e7lar\u0131yla tutuklu yarg\u0131lan\u0131rken hapishanede \u00f6l\u00fc bulunan milyarder Jeffrey Epstein ile yak\u0131n ili\u015fkisi olan eski Prens Andrew&#x27;un, kamu g\u00f6revini k\u00f6t\u00fcye kullanma \u015f\u00fcphesiyle g\u00f6zalt\u0131na&#8230;<\/p>\n","protected":false},"excerpt":{"rendered":"<p>Kremlin S\u00f6zc\u00fcs\u00fc Dmitriy Peskov, Rusya, ABD ve Ukrayna aras\u0131nda krizin \u00e7\u00f6z\u00fcm\u00fcne ili\u015fkin bir sonraki m\u00fczakere turunun tarihi konusunda hen\u00fcz mutab\u0131k&#8230;<\/p>\n","protected":false},"author":2,"featured_media":2480,"comment_status":"open","ping_status":"open","sticky":false,"template":"","format":"standard","meta":{"footnotes":""},"categories":[8,6,5],"tags":[],"class_list":["post-2481","post","type-post","status-publish","format-standard","has-post-thumbnail","hentry","category-arsiv","category-gundem","category-son-dakika"],"_links":{"self":[{"href":"https:\/\/eskigazeteci.com\/index.php?rest_route=\/wp\/v2\/posts\/2481","targetHints":{"allow":["GET"]}}],"collection":[{"href":"https:\/\/eskigazeteci.com\/index.php?rest_route=\/wp\/v2\/posts"}],"about":[{"href":"https:\/\/eskigazeteci.com\/index.php?rest_route=\/wp\/v2\/types\/post"}],"author":[{"embeddable":true,"href":"https:\/\/eskigazeteci.com\/index.php?rest_route=\/wp\/v2\/users\/2"}],"replies":[{"embeddable":true,"href":"https:\/\/eskigazeteci.com\/index.php?rest_route=%2Fwp%2Fv2%2Fcomments&post=2481"}],"version-history":[{"count":0,"href":"https:\/\/eskigazeteci.com\/index.php?rest_route=\/wp\/v2\/posts\/2481\/revisions"}],"wp:featuredmedia":[{"embeddable":true,"href":"https:\/\/eskigazeteci.com\/index.php?rest_route=\/wp\/v2\/media\/2480"}],"wp:attachment":[{"href":"https:\/\/eskigazeteci.com\/index.php?rest_route=%2Fwp%2Fv2%2Fmedia&parent=2481"}],"wp:term":[{"taxonomy":"category","embeddable":true,"href":"https:\/\/eskigazeteci.com\/index.php?rest_route=%2Fwp%2Fv2%2Fcategories&post=2481"},{"taxonomy":"post_tag","embeddable":true,"href":"https:\/\/eskigazeteci.com\/index.php?rest_route=%2Fwp%2Fv2%2Ftags&post=2481"}],"curies":[{"name":"wp","href":"https:\/\/api.w.org\/{rel}","templated":true}]}}