{"id":248,"date":"2026-02-09T09:53:43","date_gmt":"2026-02-09T09:53:43","guid":{"rendered":"https:\/\/eskigazeteci.com\/?p=248"},"modified":"2026-02-09T09:53:43","modified_gmt":"2026-02-09T09:53:43","slug":"haber-99","status":"publish","type":"post","link":"https:\/\/eskigazeteci.com\/?p=248","title":{"rendered":"Haber"},"content":{"rendered":"<p>Ukrayna Ordusu Hava Kuvvetleri Komutanl\u0131\u011f\u0131nca yap\u0131lan yaz\u0131l\u0131 a\u00e7\u0131klamaya g\u00f6re, Rus ordusu Ukrayna&#x27;ya hava sald\u0131r\u0131lar\u0131 d\u00fczenledi.<\/p>\n<p>Sald\u0131r\u0131larda Ukrayna&#x27;ya y\u00f6nelik 11 &quot;\u0130skender-M&quot; tipi balistik f\u00fczesi ve 149 insans\u0131z hava arac\u0131n\u0131n (\u0130HA) f\u0131rlat\u0131ld\u0131\u011f\u0131 kaydedilen a\u00e7\u0131klamada, 116 \u0130HA&#x27;n\u0131n etkisiz hale getirildi\u011fi aktar\u0131ld\u0131.<\/p>\n<p>A\u00e7\u0131klamada, &quot;Ayr\u0131ca, baz\u0131 \u0130skender-M balistik f\u00fczeleri engellendi ve hedeflerine ula\u015famad\u0131.&quot; ifadeleri yer ald\u0131.<\/p>\n<p>UKRAYNA \u015eEH\u0130RLER\u0130 HEDEFTE<\/p>\n<p>Ukrayna Devlet Acil Durum Servisinin (DSNS) sosyal medya hesab\u0131ndan yap\u0131lan a\u00e7\u0131klamada, Rus ordusunun Dnipropetrovsk b\u00f6lgesine d\u00fczenledi\u011fi sald\u0131r\u0131larda biri \u00e7ocuk 9 ki\u015finin yaraland\u0131\u011f\u0131 kaydedildi.<\/p>\n<p>A\u00e7\u0131klamada, Rusya\u2019n\u0131n Odessa kentine y\u00f6nelik ger\u00e7ekle\u015ftirdi\u011fi hava sald\u0131r\u0131s\u0131nda bir ki\u015finin \u00f6ld\u00fc\u011f\u00fc aktar\u0131larak, &quot;Mevcut bilgilere g\u00f6re 2 ki\u015fi yaraland\u0131.&quot; ifadesi kullan\u0131ld\u0131.<\/p>\n<p>Rus ordusunun Harkiv b\u00f6lgesine d\u00fczenledi\u011fi hava sald\u0131r\u0131s\u0131na dikkat \u00e7ekilen a\u00e7\u0131klamada, 10 ya\u015f\u0131ndaki bir \u00e7ocu\u011fun annesiyle hayat\u0131n\u0131 kaybetti\u011fi, 3 ki\u015finin yaraland\u0131\u011f\u0131 bildirildi.<\/p>\n<p>Ukrayna\u2019n\u0131n ba\u015fkenti Kiev\u2019in Belediye Ba\u015fkan\u0131 Vitaliy Kli\u00e7ko da sosyal medya hesab\u0131ndan yapt\u0131\u011f\u0131 payla\u015f\u0131mda, ba\u015fkentte gece saatlerinde patlama seslerinin duyuldu\u011funu belirtti.<\/p>\n<p>Yurtd\u0131\u015f\u0131nda ya\u015fanan en son olaylar, d\u00fcnya g\u00fcndemine oturan d\u0131\u015f haberler, son dakika d\u00fcnya haberleri, di\u011fer d\u00fcnya \u00fclkelerinden g\u00fcncel haberler i\u00e7in T\u00fcrkiye&#x27;nin haber sitesi hurriyet.com.tr; Hurriyet.com.tr haber i\u00e7erikleri kaynak g\u00f6sterilmeden al\u0131nt\u0131 yap\u0131lamaz, Kanuna ayk\u0131r\u0131 ve izinsiz olarak kopyalanamaz, ba\u015fka yerde yay\u0131nlanamaz.<\/p>\n","protected":false},"excerpt":{"rendered":"<p>Rusya&#8217;n\u0131n Ukrayna&#8217;n\u0131n farkl\u0131 b\u00f6lgelerine ger\u00e7ekle\u015ftirdi\u011fi hava sald\u0131r\u0131lar\u0131nda 3 ki\u015finin \u00f6ld\u00fc\u011f\u00fc, 14 ki\u015finin yaraland\u0131\u011f\u0131 kaydedildi.<\/p>\n","protected":false},"author":2,"featured_media":247,"comment_status":"open","ping_status":"open","sticky":false,"template":"","format":"standard","meta":{"footnotes":""},"categories":[8,3],"tags":[],"class_list":["post-248","post","type-post","status-publish","format-standard","has-post-thumbnail","hentry","category-arsiv","category-siyaset"],"_links":{"self":[{"href":"https:\/\/eskigazeteci.com\/index.php?rest_route=\/wp\/v2\/posts\/248","targetHints":{"allow":["GET"]}}],"collection":[{"href":"https:\/\/eskigazeteci.com\/index.php?rest_route=\/wp\/v2\/posts"}],"about":[{"href":"https:\/\/eskigazeteci.com\/index.php?rest_route=\/wp\/v2\/types\/post"}],"author":[{"embeddable":true,"href":"https:\/\/eskigazeteci.com\/index.php?rest_route=\/wp\/v2\/users\/2"}],"replies":[{"embeddable":true,"href":"https:\/\/eskigazeteci.com\/index.php?rest_route=%2Fwp%2Fv2%2Fcomments&post=248"}],"version-history":[{"count":0,"href":"https:\/\/eskigazeteci.com\/index.php?rest_route=\/wp\/v2\/posts\/248\/revisions"}],"wp:featuredmedia":[{"embeddable":true,"href":"https:\/\/eskigazeteci.com\/index.php?rest_route=\/wp\/v2\/media\/247"}],"wp:attachment":[{"href":"https:\/\/eskigazeteci.com\/index.php?rest_route=%2Fwp%2Fv2%2Fmedia&parent=248"}],"wp:term":[{"taxonomy":"category","embeddable":true,"href":"https:\/\/eskigazeteci.com\/index.php?rest_route=%2Fwp%2Fv2%2Fcategories&post=248"},{"taxonomy":"post_tag","embeddable":true,"href":"https:\/\/eskigazeteci.com\/index.php?rest_route=%2Fwp%2Fv2%2Ftags&post=248"}],"curies":[{"name":"wp","href":"https:\/\/api.w.org\/{rel}","templated":true}]}}