{"id":2479,"date":"2026-02-20T11:50:38","date_gmt":"2026-02-20T11:50:38","guid":{"rendered":"https:\/\/eskigazeteci.com\/?p=2479"},"modified":"2026-02-20T11:50:38","modified_gmt":"2026-02-20T11:50:38","slug":"meb-ikinci-donem-ara-tatil-takvimi-2026","status":"publish","type":"post","link":"https:\/\/eskigazeteci.com\/?p=2479","title":{"rendered":"MEB \u0130K\u0130NC\u0130 D\u00d6NEM ARA TAT\u0130L TAKV\u0130M\u0130 2026"},"content":{"rendered":"<p>2. ara tatile ka\u00e7 g\u00fcn kald\u0131, bayram tatili ile birle\u015fecek mi? Mart ara tatili 2026 i\u00e7in binlerce \u00f6\u011frencinin geri say\u0131m\u0131 ba\u015flad\u0131. \u0130kinci ara tatil, Milli E\u011fitim Bakanl\u0131\u011f\u0131 taraf\u0131ndan yay\u0131nlanan 2025-2026 e\u011fitim ve \u00f6\u011fretim takvimi do\u011frultusunda yap\u0131lacak. Ayr\u0131ca bu y\u0131l \u00f6\u011frencilerin yapaca\u011f\u0131 ara tatil ile Ramazan Bayram\u0131 tatili benzer tarihlere denk geliyor. Bu sebeple \u00f6\u011frenciler de ikinci ara tatilin daha uzun s\u00fcr\u00fcp s\u00fcrmeyece\u011fini merak ediyor. Peki Ramazan Bayram\u0131 tatili ve ara tatil birle\u015fecek mi? \u0130kinci ara tatil ka\u00e7 g\u00fcn olacak? \u0130\u015fte ayr\u0131nt\u0131lar&#8230;<\/p>\n<p>Okullarda ikinci d\u00f6nem ara tatili 16 Mart 2026 tarihinde ba\u015flay\u0131p 20 Mart 2026 Cuma sona erecek.<\/p>\n<p>Okullarda ikinci ara tatil \u0130kinci ara tatil:16-20 Mart 2025 aras\u0131nda olacak. 3 g\u00fcn s\u00fcrecek olan Ramazan Bayram\u0131 da 22 Mart 2026 Pazar sona erecek. Ramazan Bayram\u0131&#x27;n\u0131n bu sene Mart ay\u0131na denk geliyor. Bu ba\u011flamda ikinci ara tatili, Ramazan Bayram\u0131 tatilini de kapsayacak.<\/p>\n<p>Okullarda ikinci ara tatil \u0130kinci ara tatil:16-20 Mart 2025 aras\u0131nda olacak. 3 g\u00fcn s\u00fcrecek olan Ramazan Bayram\u0131 da 22 Mart 2026 Pazar sona erecek.<\/p>\n<p>Ramazan Bayram\u0131&#x27;n\u0131n bu sene Mart ay\u0131na denk geliyor. Bu ba\u011flamda ikinci ara tatili, Ramazan Bayram\u0131 tatilini de&#8230;<\/p>\n","protected":false},"excerpt":{"rendered":"<p>2. d\u00f6nem ara tatil tarihleri ve g\u00fcnleri, Mart ay\u0131na yakla\u015f\u0131rken \u00f6\u011frenci ve velilerin g\u00fcndemine geldi. Okullarda ikinci d\u00f6nem 2 \u015eubat 2026 Pazartesi g\u00fcn\u00fc&#8230;<\/p>\n","protected":false},"author":2,"featured_media":2478,"comment_status":"open","ping_status":"open","sticky":false,"template":"","format":"standard","meta":{"footnotes":""},"categories":[8,6,5],"tags":[],"class_list":["post-2479","post","type-post","status-publish","format-standard","has-post-thumbnail","hentry","category-arsiv","category-gundem","category-son-dakika"],"_links":{"self":[{"href":"https:\/\/eskigazeteci.com\/index.php?rest_route=\/wp\/v2\/posts\/2479","targetHints":{"allow":["GET"]}}],"collection":[{"href":"https:\/\/eskigazeteci.com\/index.php?rest_route=\/wp\/v2\/posts"}],"about":[{"href":"https:\/\/eskigazeteci.com\/index.php?rest_route=\/wp\/v2\/types\/post"}],"author":[{"embeddable":true,"href":"https:\/\/eskigazeteci.com\/index.php?rest_route=\/wp\/v2\/users\/2"}],"replies":[{"embeddable":true,"href":"https:\/\/eskigazeteci.com\/index.php?rest_route=%2Fwp%2Fv2%2Fcomments&post=2479"}],"version-history":[{"count":0,"href":"https:\/\/eskigazeteci.com\/index.php?rest_route=\/wp\/v2\/posts\/2479\/revisions"}],"wp:featuredmedia":[{"embeddable":true,"href":"https:\/\/eskigazeteci.com\/index.php?rest_route=\/wp\/v2\/media\/2478"}],"wp:attachment":[{"href":"https:\/\/eskigazeteci.com\/index.php?rest_route=%2Fwp%2Fv2%2Fmedia&parent=2479"}],"wp:term":[{"taxonomy":"category","embeddable":true,"href":"https:\/\/eskigazeteci.com\/index.php?rest_route=%2Fwp%2Fv2%2Fcategories&post=2479"},{"taxonomy":"post_tag","embeddable":true,"href":"https:\/\/eskigazeteci.com\/index.php?rest_route=%2Fwp%2Fv2%2Ftags&post=2479"}],"curies":[{"name":"wp","href":"https:\/\/api.w.org\/{rel}","templated":true}]}}