{"id":2477,"date":"2026-02-20T11:46:52","date_gmt":"2026-02-20T11:46:52","guid":{"rendered":"https:\/\/eskigazeteci.com\/?p=2477"},"modified":"2026-02-20T11:46:52","modified_gmt":"2026-02-20T11:46:52","slug":"bacanak-vahseti-oldurup-kredi-kartiyla-altin-aldi-bogusma-yasandi-ustune-atladim-sonrasini-hatirlamiyorum","status":"publish","type":"post","link":"https:\/\/eskigazeteci.com\/?p=2477","title":{"rendered":"Bacanak vah\u015feti: \u00d6ld\u00fcr\u00fcp kredi kart\u0131yla alt\u0131n ald\u0131! &#8216;Bo\u011fu\u015fma ya\u015fand\u0131, \u00fcst\u00fcne atlad\u0131m, sonras\u0131n\u0131 hat\u0131rlam\u0131yorum&#8217;"},"content":{"rendered":"<p>Altunta\u015f, sokakta annesinden k\u0131yafet ald\u0131\u011f\u0131 s\u0131rada yakalanarak g\u00f6zalt\u0131na al\u0131nd\u0131. \u0130fadesinde bacana\u011f\u0131yla para y\u00fcz\u00fcnden tart\u0131\u015ft\u0131klar\u0131n\u0131 belirten Altunta\u015f, \u201cBo\u011fu\u015fma ya\u015fand\u0131 \u00fcst\u00fcne atlad\u0131m, sonras\u0131n\u0131 hat\u0131rlam\u0131yorum\u201d dedi.<\/p>\n<p>\u00d6LD\u00dcR\u00dcP TELEFONUNU KULLANDI<\/p>\n<p>Edinilen bilgiye g\u00f6re, 24 Ocak 2026\u2019da i\u015fe gidece\u011fim diyerek evden \u00e7\u0131kan kargocu Ahmet \u015eahin\u2019in, sadece mesaj yoluyla kendileriyle ileti\u015fime ge\u00e7erek \u2018Ev alaca\u011f\u0131m, bacanak Muzaffer\u2019e 150 bin lira verin\u2019 demesi \u00fczerine \u015f\u00fcphelenen ailesi, karakola giderek 26 Ocak 2026\u2019da kay\u0131p ba\u015fvurusunda bulundu.<\/p>\n<p>\u015eahin\u2019in, e\u015fi Fatma \u015eahin\u2019e telefondan att\u0131\u011f\u0131 mesajlar\u0131 inceleyen polis ekipleri, bacanak Muzaffer Altunta\u015f\u2019\u0131 g\u00f6zalt\u0131na ald\u0131. \u0130fadesinde, \u201cBana da mesaj att\u0131, \u2018paray\u0131 \u015fu ki\u015fiye vereceksin\u2019 dedi. Ben de verdim. Kaybolmas\u0131yla alakal\u0131 bilgim yok\u201d diyen Altunta\u015f serbest b\u0131rak\u0131ld\u0131.<\/p>\n<p>CESET MEZARLIKTA BULUNDU<\/p>\n<p>Polis ekipleri, bozuk oldu\u011fu iddias\u0131yla aileyle sadece mesaj yoluyla ileti\u015fime ge\u00e7ilen telefonu ve \u015eahin\u2019in otomobilini, takip sistemi ile kamera g\u00f6r\u00fcnt\u00fcleri \u00fczerinden inceledi. \u0130ki bacana\u011f\u0131n \u015eahin\u2019in kulland\u0131\u011f\u0131 otomobille Arnavutk\u00f6y\u2019de bir petrol istasyonuna u\u011frad\u0131\u011f\u0131n\u0131 tespit etti. Sabah saat 09.40 s\u0131ralar\u0131nda giri\u015f yap\u0131lan istasyondan saat&#8230;<\/p>\n","protected":false},"excerpt":{"rendered":"<p>\u0130stanbul Arnavutk\u00f6y\u2019de, 24 Ocak\u2019ta, evden i\u015ften gidece\u011fim diyerek \u00e7\u0131kan kargocu Ahmet \u015eahin\u2019in (49), bald\u0131z\u0131n\u0131n e\u015fi Muzaffer Altunta\u015f (38) taraf\u0131ndan,&#8230;<\/p>\n","protected":false},"author":2,"featured_media":2476,"comment_status":"open","ping_status":"open","sticky":false,"template":"","format":"standard","meta":{"footnotes":""},"categories":[8,6,5],"tags":[],"class_list":["post-2477","post","type-post","status-publish","format-standard","has-post-thumbnail","hentry","category-arsiv","category-gundem","category-son-dakika"],"_links":{"self":[{"href":"https:\/\/eskigazeteci.com\/index.php?rest_route=\/wp\/v2\/posts\/2477","targetHints":{"allow":["GET"]}}],"collection":[{"href":"https:\/\/eskigazeteci.com\/index.php?rest_route=\/wp\/v2\/posts"}],"about":[{"href":"https:\/\/eskigazeteci.com\/index.php?rest_route=\/wp\/v2\/types\/post"}],"author":[{"embeddable":true,"href":"https:\/\/eskigazeteci.com\/index.php?rest_route=\/wp\/v2\/users\/2"}],"replies":[{"embeddable":true,"href":"https:\/\/eskigazeteci.com\/index.php?rest_route=%2Fwp%2Fv2%2Fcomments&post=2477"}],"version-history":[{"count":0,"href":"https:\/\/eskigazeteci.com\/index.php?rest_route=\/wp\/v2\/posts\/2477\/revisions"}],"wp:featuredmedia":[{"embeddable":true,"href":"https:\/\/eskigazeteci.com\/index.php?rest_route=\/wp\/v2\/media\/2476"}],"wp:attachment":[{"href":"https:\/\/eskigazeteci.com\/index.php?rest_route=%2Fwp%2Fv2%2Fmedia&parent=2477"}],"wp:term":[{"taxonomy":"category","embeddable":true,"href":"https:\/\/eskigazeteci.com\/index.php?rest_route=%2Fwp%2Fv2%2Fcategories&post=2477"},{"taxonomy":"post_tag","embeddable":true,"href":"https:\/\/eskigazeteci.com\/index.php?rest_route=%2Fwp%2Fv2%2Ftags&post=2477"}],"curies":[{"name":"wp","href":"https:\/\/api.w.org\/{rel}","templated":true}]}}