{"id":2475,"date":"2026-02-20T11:45:20","date_gmt":"2026-02-20T11:45:20","guid":{"rendered":"https:\/\/eskigazeteci.com\/?p=2475"},"modified":"2026-02-20T11:45:20","modified_gmt":"2026-02-20T11:45:20","slug":"gazeteci-alican-uludag-tutuklama-talebiyle-sulh-ceza-hakimligine-sevk-edildi","status":"publish","type":"post","link":"https:\/\/eskigazeteci.com\/?p=2475","title":{"rendered":"Gazeteci Alican Uluda\u011f, tutuklama talebiyle sulh ceza hakimli\u011fine sevk edildi"},"content":{"rendered":"<p>Sosyal medyadaki payla\u015f\u0131mlar\u0131 nedeniyle hakk\u0131nda soru\u015fturma ba\u015flat\u0131lan gazeteci Alican Uluda\u011f, &#8216;Cumhurba\u015fkan\u0131na hakaret&#8217; ve &#8216;Yan\u0131lt\u0131c\u0131 bilgiyi alenen yayma&#8217;&#8230;<\/p>\n","protected":false},"excerpt":{"rendered":"<p>Sosyal medyadaki payla\u015f\u0131mlar\u0131 nedeniyle hakk\u0131nda soru\u015fturma ba\u015flat\u0131lan gazeteci Alican Uluda\u011f, &#8216;Cumhurba\u015fkan\u0131na hakaret&#8217; ve &#8216;Yan\u0131lt\u0131c\u0131 bilgiyi alenen yayma&#8217;&#8230;<\/p>\n","protected":false},"author":2,"featured_media":2474,"comment_status":"open","ping_status":"open","sticky":false,"template":"","format":"standard","meta":{"footnotes":""},"categories":[8,6,5],"tags":[],"class_list":["post-2475","post","type-post","status-publish","format-standard","has-post-thumbnail","hentry","category-arsiv","category-gundem","category-son-dakika"],"_links":{"self":[{"href":"https:\/\/eskigazeteci.com\/index.php?rest_route=\/wp\/v2\/posts\/2475","targetHints":{"allow":["GET"]}}],"collection":[{"href":"https:\/\/eskigazeteci.com\/index.php?rest_route=\/wp\/v2\/posts"}],"about":[{"href":"https:\/\/eskigazeteci.com\/index.php?rest_route=\/wp\/v2\/types\/post"}],"author":[{"embeddable":true,"href":"https:\/\/eskigazeteci.com\/index.php?rest_route=\/wp\/v2\/users\/2"}],"replies":[{"embeddable":true,"href":"https:\/\/eskigazeteci.com\/index.php?rest_route=%2Fwp%2Fv2%2Fcomments&post=2475"}],"version-history":[{"count":0,"href":"https:\/\/eskigazeteci.com\/index.php?rest_route=\/wp\/v2\/posts\/2475\/revisions"}],"wp:featuredmedia":[{"embeddable":true,"href":"https:\/\/eskigazeteci.com\/index.php?rest_route=\/wp\/v2\/media\/2474"}],"wp:attachment":[{"href":"https:\/\/eskigazeteci.com\/index.php?rest_route=%2Fwp%2Fv2%2Fmedia&parent=2475"}],"wp:term":[{"taxonomy":"category","embeddable":true,"href":"https:\/\/eskigazeteci.com\/index.php?rest_route=%2Fwp%2Fv2%2Fcategories&post=2475"},{"taxonomy":"post_tag","embeddable":true,"href":"https:\/\/eskigazeteci.com\/index.php?rest_route=%2Fwp%2Fv2%2Ftags&post=2475"}],"curies":[{"name":"wp","href":"https:\/\/api.w.org\/{rel}","templated":true}]}}