{"id":2473,"date":"2026-02-20T11:43:48","date_gmt":"2026-02-20T11:43:48","guid":{"rendered":"https:\/\/eskigazeteci.com\/?p=2473"},"modified":"2026-02-20T11:43:48","modified_gmt":"2026-02-20T11:43:48","slug":"belcika-duyurdu-avrupanin-savas-ucagi-projesi-fiilen-sona-erdi","status":"publish","type":"post","link":"https:\/\/eskigazeteci.com\/?p=2473","title":{"rendered":"Bel\u00e7ika duyurdu: Avrupa&#8217;n\u0131n sava\u015f u\u00e7a\u011f\u0131 projesi fiilen sona erdi"},"content":{"rendered":"<p>Francken, ABD merkezli X \u015firketinin sosyal medya platformundan yapt\u0131\u011f\u0131 a\u00e7\u0131klamada, &quot;Frans\u0131z-Alman-\u0130spanyol ortak yap\u0131m\u0131 alt\u0131nc\u0131 nesil bir sava\u015f u\u00e7a\u011f\u0131 ger\u00e7ekle\u015fmeyecek.&quot; ifadesini kulland\u0131.<\/p>\n<p>\u00dclkesinin bu programda g\u00f6zlemci konumunda oldu\u011funu an\u0131msatan Francken, \u015funlar\u0131 aktard\u0131:<\/p>\n<p>&quot;M\u00fcttefiklerimizle isti\u015fare ederek pozisyonumuzu yeniden de\u011ferlendirece\u011fiz. 11 adet daha sipari\u015f etti\u011fimiz F-35 jetleriyle hava muharebe kabiliyetine odaklanmaya devam ediyoruz. Bunlar\u0131 m\u00fcmk\u00fcn oldu\u011funca Avrupa yap\u0131m\u0131 hale getirece\u011fiz. \u0130talya&#x27;n\u0131n Cameri kentinde \u00fcretim yapacak ve kendi \u015firketlerimiz i\u00e7in ekonomik getiriyi art\u0131raca\u011f\u0131z. Avrupa yap\u0131m\u0131 alt\u0131nc\u0131 nesil bir u\u00e7ak hala bir hayal. Umar\u0131m ger\u00e7ekle\u015fir. T\u00fcm se\u00e7enekleri de\u011ferlendiriyoruz.&quot;<\/p>\n<p>Francken, gelecek hafta Temsilciler Meclisi Savunma Komitesinde daha fazla bilgi verece\u011fini kaydetti.<\/p>\n<p>FCAS<\/p>\n<p>Program, Fransa, Almanya ve \u0130spanya&#x27;n\u0131n mevcut sava\u015f u\u00e7aklar\u0131n\u0131n yerini alacak yeni nesil bir hava muharebe sistemi geli\u015ftirilmesini \u00f6ng\u00f6r\u00fcyordu. Ancak taraflar aras\u0131nda \u00f6zellikle u\u00e7a\u011f\u0131n teknik \u00f6zellikleri, liderlik payla\u015f\u0131m\u0131 ve sanayi i\u015f b\u00f6l\u00fcm\u00fc konular\u0131nda uzun s\u00fcredir anla\u015fmazl\u0131k ya\u015fan\u0131yor.<\/p>\n<p>Fransa&#x27;n\u0131n n\u00fckleer silah ta\u015f\u0131yabilen ve u\u00e7ak gemisine uyumlu bir u\u00e7ak&#8230;<\/p>\n","protected":false},"excerpt":{"rendered":"<p>Fransa, Almanya ve \u0130spanya&#8217;n\u0131n y\u00fcr\u00fctt\u00fc\u011f\u00fc Avrupa&#8217;n\u0131n yeni nesil sava\u015f u\u00e7a\u011f\u0131 program\u0131n\u0131n (FCAS) fiilen sona erdi\u011fini kaydeden Bel\u00e7ika Savunma Bakan\u0131 Theo&#8230;<\/p>\n","protected":false},"author":2,"featured_media":2472,"comment_status":"open","ping_status":"open","sticky":false,"template":"","format":"standard","meta":{"footnotes":""},"categories":[8,6,5],"tags":[],"class_list":["post-2473","post","type-post","status-publish","format-standard","has-post-thumbnail","hentry","category-arsiv","category-gundem","category-son-dakika"],"_links":{"self":[{"href":"https:\/\/eskigazeteci.com\/index.php?rest_route=\/wp\/v2\/posts\/2473","targetHints":{"allow":["GET"]}}],"collection":[{"href":"https:\/\/eskigazeteci.com\/index.php?rest_route=\/wp\/v2\/posts"}],"about":[{"href":"https:\/\/eskigazeteci.com\/index.php?rest_route=\/wp\/v2\/types\/post"}],"author":[{"embeddable":true,"href":"https:\/\/eskigazeteci.com\/index.php?rest_route=\/wp\/v2\/users\/2"}],"replies":[{"embeddable":true,"href":"https:\/\/eskigazeteci.com\/index.php?rest_route=%2Fwp%2Fv2%2Fcomments&post=2473"}],"version-history":[{"count":0,"href":"https:\/\/eskigazeteci.com\/index.php?rest_route=\/wp\/v2\/posts\/2473\/revisions"}],"wp:featuredmedia":[{"embeddable":true,"href":"https:\/\/eskigazeteci.com\/index.php?rest_route=\/wp\/v2\/media\/2472"}],"wp:attachment":[{"href":"https:\/\/eskigazeteci.com\/index.php?rest_route=%2Fwp%2Fv2%2Fmedia&parent=2473"}],"wp:term":[{"taxonomy":"category","embeddable":true,"href":"https:\/\/eskigazeteci.com\/index.php?rest_route=%2Fwp%2Fv2%2Fcategories&post=2473"},{"taxonomy":"post_tag","embeddable":true,"href":"https:\/\/eskigazeteci.com\/index.php?rest_route=%2Fwp%2Fv2%2Ftags&post=2473"}],"curies":[{"name":"wp","href":"https:\/\/api.w.org\/{rel}","templated":true}]}}