{"id":2471,"date":"2026-02-20T11:42:16","date_gmt":"2026-02-20T11:42:16","guid":{"rendered":"https:\/\/eskigazeteci.com\/?p=2471"},"modified":"2026-02-20T11:42:16","modified_gmt":"2026-02-20T11:42:16","slug":"rusyanin-ankara-buyukelcisi-belli-oldu","status":"publish","type":"post","link":"https:\/\/eskigazeteci.com\/?p=2471","title":{"rendered":"Rusya&#8217;n\u0131n Ankara B\u00fcy\u00fckel\u00e7isi belli oldu"},"content":{"rendered":"<p>Rusya Devlet Ba\u015fkan\u0131 Vladimir Putin, \u00fclkesinin Ankara B\u00fcy\u00fckel\u00e7isi&#x27;ni belirleyen kararnameyi imzalad\u0131.<\/p>\n<p>Putin&#x27;in imzalad\u0131\u011f\u0131 ve Rusya Devlet Yasa Bilgi Sistemi&#x27;nde yay\u0131mlanan kararnameye g\u00f6re, Ver\u015finin, D\u0131\u015fi\u015fleri Bakan Yard\u0131mc\u0131s\u0131 g\u00f6revinden al\u0131narak Ankara B\u00fcy\u00fckel\u00e7isi g\u00f6revine getirildi.<\/p>\n<p>Vladimir Putin, imzalad\u0131\u011f\u0131 di\u011fer bir kararnameyle de Rusya&#x27;n\u0131n Kahire B\u00fcy\u00fckel\u00e7isi Georgiy Borisenko&#x27;yu D\u0131\u015fi\u015fleri Bakan Yard\u0131mc\u0131s\u0131 olarak atad\u0131.<\/p>\n<p>Rusya Devlet Ba\u015fkan\u0131 Putin, ge\u00e7en y\u0131l Rusya&#x27;n\u0131n eski Ankara B\u00fcy\u00fckel\u00e7isi Aleksey Yerhov&#x27;u Ta\u015fkent B\u00fcy\u00fckel\u00e7isi olarak atamas\u0131na ili\u015fkin kararname imzalam\u0131\u015ft\u0131.<\/p>\n<p>VER\u015e\u0130N\u0130N K\u0130MD\u0130R?<\/p>\n<p>1954 do\u011fumlu Sergey Ver\u015finin , 1976&#x27;da Moskova Devlet Diplomasi Enstit\u00fcs\u00fcnden (MGIMO), 1991&#x27;de ise Rusya D\u0131\u015fi\u015fleri Bakanl\u0131\u011f\u0131na ba\u011fl\u0131 Diplomasi Akademisinden mezun oldu.<\/p>\n<p>Rusya &#x27;n\u0131n Fas, Cezayir ve Tunus&#x27;taki temsilciliklerinde \u00e7e\u015fitli g\u00f6revlerde yer alan Ver\u015finin, 1999-2003 y\u0131llar\u0131nda Rusya&#x27;n\u0131n Cezayir B\u00fcy\u00fckel\u00e7isi g\u00f6revini \u00fcstlendi.<\/p>\n<p>2004&#x27;ten itibaren D\u0131\u015fi\u015fleri Bakanl\u0131\u011f\u0131nda \u00e7e\u015fitli g\u00f6revlerde bulunan Ver\u015finin, 2018&#x27;den bu yana D\u0131\u015fi\u015fleri Bakan Yard\u0131mc\u0131l\u0131\u011f\u0131 g\u00f6revini s\u00fcrd\u00fcr\u00fcyordu.<\/p>\n<p>Yurtd\u0131\u015f\u0131nda ya\u015fanan en son olaylar, d\u00fcnya g\u00fcndemine oturan d\u0131\u015f haberler, son dakika d\u00fcnya haberleri, di\u011fer&#8230;<\/p>\n","protected":false},"excerpt":{"rendered":"<p>Rusya Devlet Ba\u015fkan\u0131 Vladimir Putin, D\u0131\u015fi\u015fleri Bakan Yard\u0131mc\u0131s\u0131 Sergey Ver\u015finin&#8217;in Ankara B\u00fcy\u00fckel\u00e7isi olarak atanmas\u0131na ili\u015fkin kararnameyi imzalad\u0131.<\/p>\n","protected":false},"author":2,"featured_media":2470,"comment_status":"open","ping_status":"open","sticky":false,"template":"","format":"standard","meta":{"footnotes":""},"categories":[8,6,5],"tags":[],"class_list":["post-2471","post","type-post","status-publish","format-standard","has-post-thumbnail","hentry","category-arsiv","category-gundem","category-son-dakika"],"_links":{"self":[{"href":"https:\/\/eskigazeteci.com\/index.php?rest_route=\/wp\/v2\/posts\/2471","targetHints":{"allow":["GET"]}}],"collection":[{"href":"https:\/\/eskigazeteci.com\/index.php?rest_route=\/wp\/v2\/posts"}],"about":[{"href":"https:\/\/eskigazeteci.com\/index.php?rest_route=\/wp\/v2\/types\/post"}],"author":[{"embeddable":true,"href":"https:\/\/eskigazeteci.com\/index.php?rest_route=\/wp\/v2\/users\/2"}],"replies":[{"embeddable":true,"href":"https:\/\/eskigazeteci.com\/index.php?rest_route=%2Fwp%2Fv2%2Fcomments&post=2471"}],"version-history":[{"count":0,"href":"https:\/\/eskigazeteci.com\/index.php?rest_route=\/wp\/v2\/posts\/2471\/revisions"}],"wp:featuredmedia":[{"embeddable":true,"href":"https:\/\/eskigazeteci.com\/index.php?rest_route=\/wp\/v2\/media\/2470"}],"wp:attachment":[{"href":"https:\/\/eskigazeteci.com\/index.php?rest_route=%2Fwp%2Fv2%2Fmedia&parent=2471"}],"wp:term":[{"taxonomy":"category","embeddable":true,"href":"https:\/\/eskigazeteci.com\/index.php?rest_route=%2Fwp%2Fv2%2Fcategories&post=2471"},{"taxonomy":"post_tag","embeddable":true,"href":"https:\/\/eskigazeteci.com\/index.php?rest_route=%2Fwp%2Fv2%2Ftags&post=2471"}],"curies":[{"name":"wp","href":"https:\/\/api.w.org\/{rel}","templated":true}]}}