{"id":2467,"date":"2026-02-20T11:39:01","date_gmt":"2026-02-20T11:39:01","guid":{"rendered":"https:\/\/eskigazeteci.com\/?p=2467"},"modified":"2026-02-20T11:39:01","modified_gmt":"2026-02-20T11:39:01","slug":"israili-endiselendiren-suriye-iddiasi-suudi-arabistan-harekete-gecti","status":"publish","type":"post","link":"https:\/\/eskigazeteci.com\/?p=2467","title":{"rendered":"\u0130srail&#8217;i endi\u015felendiren Suriye iddias\u0131: Suudi Arabistan harekete ge\u00e7ti"},"content":{"rendered":"<p>The Middle East Eye (MEE) internet sitesinde yay\u0131mlanan habere g\u00f6re Suudi Arabistan i\u00e7in \u015eam, b\u00f6lgesel ula\u015f\u0131m ve ileti\u015fim a\u011flar\u0131n\u0131n merkezinde yer al\u0131yor ve Suudi Arabistan, kara yollar\u0131n\u0131n, kablolar\u0131n ve demir yolu hatlar\u0131n\u0131n Suriye \u00fczerinden ge\u00e7mesini istiyor.<\/p>\n<p>ABD merkezli denizalt\u0131 fiber optik kablo dan\u0131\u015fman\u0131 Julian Rawle, MEE&#x27;ye yapt\u0131\u011f\u0131 a\u00e7\u0131klamada, Suudi Arabistan, \u00dcrd\u00fcn ve \u0130srail \u00fczerinden ge\u00e7mesi planlanan bir dizi proje oldu\u011funu Suudi Arabistan&#x27;\u0131n da de\u011fi\u015ftirmek istedi\u011fi projenin bunlardan biri oldu\u011funu iddia etti.<\/p>\n<p>Rawle \u015fu ifadeleri kulland\u0131:<\/p>\n<p>&quot;Suudi Arabistan\u2019\u0131n (fiber optik kablo) ge\u00e7i\u015f i\u00e7in Suriye\u2019yi istemesi yeni bir durum. Hint Okyanusu ile Akdeniz aras\u0131nda ek kara g\u00fczergahlar\u0131 aran\u0131yor. Suriye\u2019deki siyasi durum uygun g\u00f6r\u00fcl\u00fcrse, bu \u00fclke de alternatif bir rota olabilir.&quot;<\/p>\n<p>&quot;\u0130SRA\u0130L&#x27;\u0130 DEVRE DI\u015eI BIRAKAB\u0130LECEK HAMLE&quot;<\/p>\n<p>Suudi Arabistan&#x27;\u0131n bili\u015fim hizmetleri sunan \u015firketi &quot;Saudi Telecom Company (STC)&quot;, \u015fubat ay\u0131nda Suriye\u2019nin telekom\u00fcnikasyon altyap\u0131s\u0131na yakla\u015f\u0131k 800 milyon dolar yat\u0131r\u0131m yapaca\u011f\u0131n\u0131 duyurmas\u0131 MME&#x27;de, &quot;\u0130srail\u2019i devre d\u0131\u015f\u0131 b\u0131rakabilecek bir hamle&quot; iddias\u0131 \u015feklinde yer ald\u0131.<\/p>\n<p>Suudi Arabistan resmi ajans\u0131 SPA&#x27;da ise projenin &quot;4 bin 500 kilometreyi a\u015fan bir fiber&#8230;<\/p>\n","protected":false},"excerpt":{"rendered":"<p>Suudi Arabistan&#8217;\u0131n, Akdeniz \u00fczerinden \u00fclkeyi Yunanistan\u2019a ba\u011flamas\u0131 planlanan fiber optik kablo projesinde ge\u00e7i\u015f \u00fclkesi olarak \u0130srail yerine Suriye&#8217;yi tercih&#8230;<\/p>\n","protected":false},"author":2,"featured_media":2466,"comment_status":"open","ping_status":"open","sticky":false,"template":"","format":"standard","meta":{"footnotes":""},"categories":[8,6,5],"tags":[],"class_list":["post-2467","post","type-post","status-publish","format-standard","has-post-thumbnail","hentry","category-arsiv","category-gundem","category-son-dakika"],"_links":{"self":[{"href":"https:\/\/eskigazeteci.com\/index.php?rest_route=\/wp\/v2\/posts\/2467","targetHints":{"allow":["GET"]}}],"collection":[{"href":"https:\/\/eskigazeteci.com\/index.php?rest_route=\/wp\/v2\/posts"}],"about":[{"href":"https:\/\/eskigazeteci.com\/index.php?rest_route=\/wp\/v2\/types\/post"}],"author":[{"embeddable":true,"href":"https:\/\/eskigazeteci.com\/index.php?rest_route=\/wp\/v2\/users\/2"}],"replies":[{"embeddable":true,"href":"https:\/\/eskigazeteci.com\/index.php?rest_route=%2Fwp%2Fv2%2Fcomments&post=2467"}],"version-history":[{"count":0,"href":"https:\/\/eskigazeteci.com\/index.php?rest_route=\/wp\/v2\/posts\/2467\/revisions"}],"wp:featuredmedia":[{"embeddable":true,"href":"https:\/\/eskigazeteci.com\/index.php?rest_route=\/wp\/v2\/media\/2466"}],"wp:attachment":[{"href":"https:\/\/eskigazeteci.com\/index.php?rest_route=%2Fwp%2Fv2%2Fmedia&parent=2467"}],"wp:term":[{"taxonomy":"category","embeddable":true,"href":"https:\/\/eskigazeteci.com\/index.php?rest_route=%2Fwp%2Fv2%2Fcategories&post=2467"},{"taxonomy":"post_tag","embeddable":true,"href":"https:\/\/eskigazeteci.com\/index.php?rest_route=%2Fwp%2Fv2%2Ftags&post=2467"}],"curies":[{"name":"wp","href":"https:\/\/api.w.org\/{rel}","templated":true}]}}