{"id":2461,"date":"2026-02-20T11:34:21","date_gmt":"2026-02-20T11:34:21","guid":{"rendered":"https:\/\/eskigazeteci.com\/?p=2461"},"modified":"2026-02-20T11:34:21","modified_gmt":"2026-02-20T11:34:21","slug":"artvin-iftar-saati-ve-sahur-vakti-2026-diyanet-ramazan-imsakiyesi","status":"publish","type":"post","link":"https:\/\/eskigazeteci.com\/?p=2461","title":{"rendered":"ARTV\u0130N \u0130FTAR SAAT\u0130 VE SAHUR VAKT\u0130 &#8211; 2026 D\u0130YANET RAMAZAN \u0130MSAK\u0130YES\u0130"},"content":{"rendered":"<p>\u0130ftar ve Sahur vakitlerini H\u00fcrriyet uygulamas\u0131 ile takip edin!<\/p>\n<p>H\u00fcrriyet App<\/p>\n<p>Web<\/p>\n<p>Artvin sahur ve imsak vakti, Diyanet Ramazan \u0130msakiyesi ile sorgulan\u0131yor. Oru\u00e7 ibadetini yerine getirenler imsak vakti ile Artvin imsakiye 2026 bilgisine g\u00f6re sahur yapacak. Ramazan ay\u0131 ile bu sene 29 g\u00fcn oru\u00e7 tutulacak. Oru\u00e7 ibadetini yerine getirenler, Artvin sahur vakti 2026 aramalar\u0131n\u0131 yo\u011funla\u015ft\u0131rd\u0131. Peki Artvin sahur saat ka\u00e7ta, imsak vakti ezan ne zaman okunacak? \u0130\u015fte 29 g\u00fcnl\u00fck Diyanet Ramazan imsakiye Artvin iftar ve sahur (imsak) saatleri 2026!<\/p>\n<p>Artvin sahur ve imsak vakti, Diyanet Ramazan \u0130msakiyesi ile sorgulan\u0131yor. Oru\u00e7 ibadetini yerine getirenler imsak vakti ile Artvin imsakiye 2026 bilgisine g\u00f6re sahur yapacak. Ramazan ay\u0131 ile bu sene 29 g\u00fcn oru\u00e7 tutulacak. Oru\u00e7 ibadetini yerine getirenler, Artvin sahur vakti 2026 aramalar\u0131n\u0131 yo\u011funla\u015ft\u0131rd\u0131. Peki Artvin sahur saat ka\u00e7ta, imsak vakti ezan ne zaman okunacak? \u0130\u015fte 29 g\u00fcnl\u00fck Diyanet Ramazan imsakiye Artvin iftar ve sahur (imsak) saatleri 2026!<\/p>\n<p>Ramazan&#x27;\u0131n ilk g\u00fcn\u00fc Arvin&#x27;de iftar saat 17:58&#x27;de olacak. RAMAZAN \u0130MSAK\u0130YES\u0130 2026 \u0130\u00c7\u0130N TIKLAYINIZ<\/p>\n<p>Ramazan&#x27;\u0131n ilk g\u00fcn\u00fc Arvin&#x27;de iftar saat 17:58&#x27;de olacak.<\/p>\n<p>RAMAZAN \u0130MSAK\u0130YES\u0130 2026 \u0130\u00c7\u0130N TIKLAYINIZ<\/p>\n<p>G\u00fcn&#8230;<\/p>\n","protected":false},"excerpt":{"rendered":"<p>Artvin imsakiye 2026 Artvin iftar saati ve sahur vakti Diyanet taraf\u0131ndan payla\u015f\u0131ld\u0131. Artvin imsak vakti ve ak\u015fam ezan\u0131 saati Ramazan ay\u0131na say\u0131l\u0131 zaman kala&#8230;<\/p>\n","protected":false},"author":2,"featured_media":2460,"comment_status":"open","ping_status":"open","sticky":false,"template":"","format":"standard","meta":{"footnotes":""},"categories":[8,6,5],"tags":[],"class_list":["post-2461","post","type-post","status-publish","format-standard","has-post-thumbnail","hentry","category-arsiv","category-gundem","category-son-dakika"],"_links":{"self":[{"href":"https:\/\/eskigazeteci.com\/index.php?rest_route=\/wp\/v2\/posts\/2461","targetHints":{"allow":["GET"]}}],"collection":[{"href":"https:\/\/eskigazeteci.com\/index.php?rest_route=\/wp\/v2\/posts"}],"about":[{"href":"https:\/\/eskigazeteci.com\/index.php?rest_route=\/wp\/v2\/types\/post"}],"author":[{"embeddable":true,"href":"https:\/\/eskigazeteci.com\/index.php?rest_route=\/wp\/v2\/users\/2"}],"replies":[{"embeddable":true,"href":"https:\/\/eskigazeteci.com\/index.php?rest_route=%2Fwp%2Fv2%2Fcomments&post=2461"}],"version-history":[{"count":0,"href":"https:\/\/eskigazeteci.com\/index.php?rest_route=\/wp\/v2\/posts\/2461\/revisions"}],"wp:featuredmedia":[{"embeddable":true,"href":"https:\/\/eskigazeteci.com\/index.php?rest_route=\/wp\/v2\/media\/2460"}],"wp:attachment":[{"href":"https:\/\/eskigazeteci.com\/index.php?rest_route=%2Fwp%2Fv2%2Fmedia&parent=2461"}],"wp:term":[{"taxonomy":"category","embeddable":true,"href":"https:\/\/eskigazeteci.com\/index.php?rest_route=%2Fwp%2Fv2%2Fcategories&post=2461"},{"taxonomy":"post_tag","embeddable":true,"href":"https:\/\/eskigazeteci.com\/index.php?rest_route=%2Fwp%2Fv2%2Ftags&post=2461"}],"curies":[{"name":"wp","href":"https:\/\/api.w.org\/{rel}","templated":true}]}}