{"id":2453,"date":"2026-02-20T11:28:06","date_gmt":"2026-02-20T11:28:06","guid":{"rendered":"https:\/\/eskigazeteci.com\/?p=2453"},"modified":"2026-02-20T11:28:06","modified_gmt":"2026-02-20T11:28:06","slug":"sezon-basinda-400-liraydi-50-liraya-kadar-dustu-bu-yil-ilk-kez-oldu-ragbet-oldukca-fazla","status":"publish","type":"post","link":"https:\/\/eskigazeteci.com\/?p=2453","title":{"rendered":"Sezon ba\u015f\u0131nda 400 lirayd\u0131 50 liraya kadar d\u00fc\u015ft\u00fc: &#8216;Bu y\u0131l ilk kez oldu, ra\u011fbet olduk\u00e7a fazla&#8217;"},"content":{"rendered":"<p>Sezon ba\u015f\u0131nda kilogram\u0131 400 liraya kadar \u00e7\u0131kan hamsinin fiyat\u0131 50 liraya geriledi. Bal\u0131k Pazar\u0131 esnaf\u0131ndan Yusuf \u00c7imen, sezonun y\u00fcksek fiyatlarla ba\u015flad\u0131\u011f\u0131n\u0131 hat\u0131rlatt\u0131.<\/p>\n<p>Hamsinin daha \u00f6nce 400 lira seviyelerinde sat\u0131ld\u0131\u011f\u0131n\u0131 belirten \u00c7imen, &quot;Daha \u00f6nce 100 lira seviyelerini g\u00f6rd\u00fck ama bu y\u0131l ilk kez 50 liraya kadar d\u00fc\u015ft\u00fc. Ramazan ay\u0131nda g\u00fczel bir bolluk ya\u015fan\u0131yor. Biz de bu kadar yo\u011funluk beklemiyorduk, ra\u011fbet olduk\u00e7a fazla.&quot; dedi.<\/p>\n<p>Kar ya\u011f\u0131\u015f\u0131n\u0131n hamsi bollu\u011funa katk\u0131 sa\u011flad\u0131\u011f\u0131n\u0131 ifade eden \u00c7imen, denizin kendi dengesini bulmas\u0131yla tezgahlarda bereket ya\u015fand\u0131\u011f\u0131n\u0131 dile getirdi.<\/p>\n<p>Bug\u00fcn tezgahlara yakla\u015f\u0131k 2 ton bal\u0131k geldi\u011fini anlatan \u00c7imen, &quot;Yar\u0131s\u0131 \u015fimdiden t\u00fckenmek \u00fczere. Bu gidi\u015fle ak\u015fam saat 17.00&#x27;yi g\u00f6remeyiz.&quot; diye konu\u015ftu.<\/p>\n<p>Fiyatlar\u0131n d\u00fc\u015fmesiyle vatanda\u015flar\u0131n kilo kilo hamsi ald\u0131\u011f\u0131 tezgah \u00f6nlerinde zaman zaman kuyruk olu\u015ftu.<\/p>\n<p>T\u00fcrkiye g\u00fcndeminden son dakika haberleri, bug\u00fcn ya\u015fanan en son geli\u015fmeler, siyaset g\u00fcndeminden g\u00fcncel haberler ve b\u00fct\u00fcn son dakika haberleri i\u00e7in H\u00fcrriyet&#x27;in internet haber sitesi hurriyet.com.tr; Hurriyet.com.tr haber i\u00e7erikleri kaynak g\u00f6sterilmeden al\u0131nt\u0131 yap\u0131lamaz, Kanuna ayk\u0131r\u0131 ve izinsiz olarak kopyalanamaz, ba\u015fka yerde yay\u0131nlanamaz.<\/p>\n","protected":false},"excerpt":{"rendered":"<p>Edirne&#8217;de hamsinin kilogram fiyat\u0131n\u0131n 50 liraya kadar d\u00fc\u015fmesi Bal\u0131k Pazar\u0131&#8217;nda yo\u011funlu\u011fa yol a\u00e7t\u0131. Fiyatlardaki d\u00fc\u015f\u00fc\u015f hem esnaf\u0131n hem de vatanda\u015flar\u0131n y\u00fcz\u00fcn\u00fc&#8230;<\/p>\n","protected":false},"author":2,"featured_media":2452,"comment_status":"open","ping_status":"open","sticky":false,"template":"","format":"standard","meta":{"footnotes":""},"categories":[8,6,5],"tags":[],"class_list":["post-2453","post","type-post","status-publish","format-standard","has-post-thumbnail","hentry","category-arsiv","category-gundem","category-son-dakika"],"_links":{"self":[{"href":"https:\/\/eskigazeteci.com\/index.php?rest_route=\/wp\/v2\/posts\/2453","targetHints":{"allow":["GET"]}}],"collection":[{"href":"https:\/\/eskigazeteci.com\/index.php?rest_route=\/wp\/v2\/posts"}],"about":[{"href":"https:\/\/eskigazeteci.com\/index.php?rest_route=\/wp\/v2\/types\/post"}],"author":[{"embeddable":true,"href":"https:\/\/eskigazeteci.com\/index.php?rest_route=\/wp\/v2\/users\/2"}],"replies":[{"embeddable":true,"href":"https:\/\/eskigazeteci.com\/index.php?rest_route=%2Fwp%2Fv2%2Fcomments&post=2453"}],"version-history":[{"count":0,"href":"https:\/\/eskigazeteci.com\/index.php?rest_route=\/wp\/v2\/posts\/2453\/revisions"}],"wp:featuredmedia":[{"embeddable":true,"href":"https:\/\/eskigazeteci.com\/index.php?rest_route=\/wp\/v2\/media\/2452"}],"wp:attachment":[{"href":"https:\/\/eskigazeteci.com\/index.php?rest_route=%2Fwp%2Fv2%2Fmedia&parent=2453"}],"wp:term":[{"taxonomy":"category","embeddable":true,"href":"https:\/\/eskigazeteci.com\/index.php?rest_route=%2Fwp%2Fv2%2Fcategories&post=2453"},{"taxonomy":"post_tag","embeddable":true,"href":"https:\/\/eskigazeteci.com\/index.php?rest_route=%2Fwp%2Fv2%2Ftags&post=2453"}],"curies":[{"name":"wp","href":"https:\/\/api.w.org\/{rel}","templated":true}]}}