{"id":2447,"date":"2026-02-20T11:11:09","date_gmt":"2026-02-20T11:11:09","guid":{"rendered":"https:\/\/eskigazeteci.com\/?p=2447"},"modified":"2026-02-20T11:11:09","modified_gmt":"2026-02-20T11:11:09","slug":"temde-trafik-kazasi-istanbul-yonu-trafige-kapatildi","status":"publish","type":"post","link":"https:\/\/eskigazeteci.com\/?p=2447","title":{"rendered":"TEM&#8217;de trafik kazas\u0131! \u0130stanbul y\u00f6n\u00fc trafi\u011fe kapat\u0131ld\u0131"},"content":{"rendered":"<p>Kocaeli&#8217;de iki TIR \u00e7arp\u0131\u015ft\u0131. Kazada, \u0130stanbul y\u00f6n\u00fc trafi\u011fe kapan\u0131rken olay yerine \u00e7ok say\u0131da ekip sevk edildi.<\/p>\n","protected":false},"excerpt":{"rendered":"<p>Kocaeli&#8217;de iki TIR \u00e7arp\u0131\u015ft\u0131. Kazada, \u0130stanbul y\u00f6n\u00fc trafi\u011fe kapan\u0131rken olay yerine \u00e7ok say\u0131da ekip sevk edildi.<\/p>\n","protected":false},"author":2,"featured_media":2446,"comment_status":"open","ping_status":"open","sticky":false,"template":"","format":"standard","meta":{"footnotes":""},"categories":[8,6,5],"tags":[],"class_list":["post-2447","post","type-post","status-publish","format-standard","has-post-thumbnail","hentry","category-arsiv","category-gundem","category-son-dakika"],"_links":{"self":[{"href":"https:\/\/eskigazeteci.com\/index.php?rest_route=\/wp\/v2\/posts\/2447","targetHints":{"allow":["GET"]}}],"collection":[{"href":"https:\/\/eskigazeteci.com\/index.php?rest_route=\/wp\/v2\/posts"}],"about":[{"href":"https:\/\/eskigazeteci.com\/index.php?rest_route=\/wp\/v2\/types\/post"}],"author":[{"embeddable":true,"href":"https:\/\/eskigazeteci.com\/index.php?rest_route=\/wp\/v2\/users\/2"}],"replies":[{"embeddable":true,"href":"https:\/\/eskigazeteci.com\/index.php?rest_route=%2Fwp%2Fv2%2Fcomments&post=2447"}],"version-history":[{"count":0,"href":"https:\/\/eskigazeteci.com\/index.php?rest_route=\/wp\/v2\/posts\/2447\/revisions"}],"wp:featuredmedia":[{"embeddable":true,"href":"https:\/\/eskigazeteci.com\/index.php?rest_route=\/wp\/v2\/media\/2446"}],"wp:attachment":[{"href":"https:\/\/eskigazeteci.com\/index.php?rest_route=%2Fwp%2Fv2%2Fmedia&parent=2447"}],"wp:term":[{"taxonomy":"category","embeddable":true,"href":"https:\/\/eskigazeteci.com\/index.php?rest_route=%2Fwp%2Fv2%2Fcategories&post=2447"},{"taxonomy":"post_tag","embeddable":true,"href":"https:\/\/eskigazeteci.com\/index.php?rest_route=%2Fwp%2Fv2%2Ftags&post=2447"}],"curies":[{"name":"wp","href":"https:\/\/api.w.org\/{rel}","templated":true}]}}