{"id":2443,"date":"2026-02-20T11:08:04","date_gmt":"2026-02-20T11:08:04","guid":{"rendered":"https:\/\/eskigazeteci.com\/?p=2443"},"modified":"2026-02-20T11:08:04","modified_gmt":"2026-02-20T11:08:04","slug":"genc-asiklar-rahat-etmek-icin-restorani-kapatti-onlar-iceri-girdi-kapilar-kilitlendi","status":"publish","type":"post","link":"https:\/\/eskigazeteci.com\/?p=2443","title":{"rendered":"Gen\u00e7 a\u015f\u0131klar rahat etmek i\u00e7in restoran\u0131 kapatt\u0131\u2026 Onlar i\u00e7eri girdi, kap\u0131lar kilitlendi"},"content":{"rendered":"<p>Biri sineman\u0131n biri de ekran\u0131n ve sosyal medyan\u0131n en b\u00fcy\u00fck y\u0131ld\u0131zlar\u0131ndan olan gen\u00e7 a\u015f\u0131klar pe\u015flerine bir gazeteci ordusu tak\u0131lmadan ad\u0131m bile atamaz haldeler.<\/p>\n<p>Art\u0131k bu yo\u011fun ilgiden bunalan Kylie Jenner ve Timothee Chalamet \u00e7ifti ge\u00e7en gece Los Angeles&#x27;taki bir pizzac\u0131da ak\u015fam yeme\u011fi yedi.<\/p>\n<p>Al\u0131\u015fk\u0131n oldu\u011fumuz \u015fekilde s\u00fcslenip p\u00fcslenip l\u00fcks mekanlara gitmek yerine cadde \u00fcst\u00fcndeki basit bir pizzac\u0131da samimi bir ak\u015fam ge\u00e7irmek isteyen \u00e7ift yine pe\u015flerindeki paparazzilerden kurtulamad\u0131.<\/p>\n<p>Y\u0131ld\u0131z oyuncu ve makyaj imparatori\u00e7esi, pizzac\u0131n\u0131n tezgah\u0131nda yemek yerken bir yandan da \u00f6p\u00fc\u015f\u00fcp kokla\u015fmadan duramad\u0131.<\/p>\n<p>30 ya\u015f\u0131ndaki Chalamet siyah fermuarl\u0131 bir kap\u00fc\u015fonlu sweatshirt giyerken, 28 ya\u015f\u0131ndaki Jenner ise bej bir tren\u00e7kot giymi\u015fti.<\/p>\n<p>\u00c7ift bu a\u015fk randevusunda da gazetecilere yakalanmaktan ka\u00e7amad\u0131 ve boy boy foto\u011fraflar\u0131 \u00e7ekildi.<\/p>\n<p>Ancak gittikleri restoran, \u00fcnl\u00fc \u00e7iftin yemeklerini rahat\u00e7a yiyebilmesi ve mekan\u0131n merakl\u0131 hayranlarla dolup ta\u015fmamas\u0131 i\u00e7in di\u011fer m\u00fc\u015fterilere kap\u0131lar\u0131n\u0131 kilitledi.<\/p>\n<p>Jenner ve Chalamet 2023&#x27;ten beri birlikte.<\/p>\n<p>Art\u0131k ili\u015fkileri giderek ciddile\u015fen ve birlikte ya\u015famaya ba\u015flad\u0131klar\u0131 s\u00f6ylenen \u00fcnl\u00fc \u00e7iftin evlili\u011fe de s\u0131cak bakt\u0131klar\u0131 konu\u015fuluyor.<\/p>\n<p>Timothee Chalamet&#x27;in&#8230;<\/p>\n","protected":false},"excerpt":{"rendered":"<p>Son birka\u00e7 y\u0131ld\u0131r ya\u015fad\u0131klar\u0131 a\u015fkla magazin g\u00fcndeminden d\u00fc\u015fmeyen \u00fcnl\u00fc \u00e7ift ge\u00e7en ak\u015fam \u00e7\u0131kt\u0131klar\u0131 yemek randevusunda yakaland\u0131.<\/p>\n","protected":false},"author":2,"featured_media":2442,"comment_status":"open","ping_status":"open","sticky":false,"template":"","format":"standard","meta":{"footnotes":""},"categories":[8,6,5],"tags":[],"class_list":["post-2443","post","type-post","status-publish","format-standard","has-post-thumbnail","hentry","category-arsiv","category-gundem","category-son-dakika"],"_links":{"self":[{"href":"https:\/\/eskigazeteci.com\/index.php?rest_route=\/wp\/v2\/posts\/2443","targetHints":{"allow":["GET"]}}],"collection":[{"href":"https:\/\/eskigazeteci.com\/index.php?rest_route=\/wp\/v2\/posts"}],"about":[{"href":"https:\/\/eskigazeteci.com\/index.php?rest_route=\/wp\/v2\/types\/post"}],"author":[{"embeddable":true,"href":"https:\/\/eskigazeteci.com\/index.php?rest_route=\/wp\/v2\/users\/2"}],"replies":[{"embeddable":true,"href":"https:\/\/eskigazeteci.com\/index.php?rest_route=%2Fwp%2Fv2%2Fcomments&post=2443"}],"version-history":[{"count":0,"href":"https:\/\/eskigazeteci.com\/index.php?rest_route=\/wp\/v2\/posts\/2443\/revisions"}],"wp:featuredmedia":[{"embeddable":true,"href":"https:\/\/eskigazeteci.com\/index.php?rest_route=\/wp\/v2\/media\/2442"}],"wp:attachment":[{"href":"https:\/\/eskigazeteci.com\/index.php?rest_route=%2Fwp%2Fv2%2Fmedia&parent=2443"}],"wp:term":[{"taxonomy":"category","embeddable":true,"href":"https:\/\/eskigazeteci.com\/index.php?rest_route=%2Fwp%2Fv2%2Fcategories&post=2443"},{"taxonomy":"post_tag","embeddable":true,"href":"https:\/\/eskigazeteci.com\/index.php?rest_route=%2Fwp%2Fv2%2Ftags&post=2443"}],"curies":[{"name":"wp","href":"https:\/\/api.w.org\/{rel}","templated":true}]}}