{"id":2441,"date":"2026-02-20T11:02:39","date_gmt":"2026-02-20T11:02:39","guid":{"rendered":"https:\/\/eskigazeteci.com\/?p=2441"},"modified":"2026-02-20T11:02:39","modified_gmt":"2026-02-20T11:02:39","slug":"aziz-ihsan-aktas-suc-orgutu-davasinin-15inci-durusmasi-sona-erdi","status":"publish","type":"post","link":"https:\/\/eskigazeteci.com\/?p=2441","title":{"rendered":"Aziz \u0130hsan Akta\u015f su\u00e7 \u00f6rg\u00fct\u00fc davas\u0131n\u0131n 15&#8217;inci duru\u015fmas\u0131 sona erdi"},"content":{"rendered":"<p>\u0130stanbul 1. A\u011f\u0131r Ceza Mahkemesince Marmara Kapal\u0131 Ceza \u0130nfaz Kurumu kar\u015f\u0131s\u0131ndaki salonda yap\u0131lan duru\u015fma, tutuksuz san\u0131klar\u0131n savunmalar\u0131n\u0131n al\u0131nmas\u0131yla devam etti.<\/p>\n<p>Tutuksuz san\u0131k Hac\u0131 Ali Pota, Be\u015fikta\u015f Belediyesinde mali i\u015fler \u00fcyesi olarak g\u00f6rev yapt\u0131\u011f\u0131n\u0131 belirterek, kimsenin ihaleye kat\u0131lmas\u0131n\u0131 sa\u011flamad\u0131\u011f\u0131n\u0131 ve yapt\u0131\u011f\u0131 i\u015flemlerden dolay\u0131 kamuda herhangi bir zarar\u0131n olu\u015fmad\u0131\u011f\u0131n\u0131 savundu.<\/p>\n<p>Pota, \u00e7\u0131kar ve menfaat sa\u011flamad\u0131\u011f\u0131n\u0131 ifade ederek, hakk\u0131ndaki su\u00e7lamalar\u0131 reddetti.<\/p>\n<p>Tutuksuz san\u0131klardan \u0130brahim Bulucu, Be\u015fikta\u015f Belediyesinde 1992&#x27;de Mali Hizmetler M\u00fcd\u00fcrl\u00fc\u011f\u00fcnde g\u00f6reve ba\u015flad\u0131\u011f\u0131n\u0131 belirterek, ihale komisyon g\u00f6revlisi oldu\u011fu i\u00e7in yarg\u0131land\u0131\u011f\u0131n\u0131 \u00f6ne s\u00fcrd\u00fc.<\/p>\n<p>Kat\u0131ld\u0131\u011f\u0131 ihalelerde takdir fiyatland\u0131rmas\u0131nda bulunamayaca\u011f\u0131n\u0131 anlatan Bulucu, &quot;Bizler sadece ihaleye girdi\u011fimiz anda, ihaleye girecek firmalar\u0131 ve miktar\u0131 o an \u00f6\u011freniriz. \u0130haleye hakim de\u011filiz, e\u011fitim almad\u0131k. Gelirle ilgili uzman\u0131z. Mali hizmetler m\u00fcd\u00fcrl\u00fc\u011f\u00fcnde g\u00f6revli oldu\u011fumuz i\u00e7in g\u00f6revlendirildik. G\u00f6revi kabul etmeme gibi bir durumumuz olmad\u0131. \u00dczerimde herhangi bir art\u0131\u015f olmam\u0131\u015ft\u0131r. Maa\u015f\u0131mla ge\u00e7inen bir memurum. \u0130hale takdir komisyonunda yer almad\u0131\u011f\u0131m i\u00e7in ihale fiyat\u0131n\u0131 bilmem m\u00fcmk\u00fcn de\u011fildir. Beraatimi talep&#8230;<\/p>\n","protected":false},"excerpt":{"rendered":"<p>Aziz \u0130hsan Akta\u015f su\u00e7 \u00f6rg\u00fct\u00fc soru\u015fturmas\u0131 kapsam\u0131nda 6&#8217;s\u0131 g\u00f6revinden uzakla\u015ft\u0131r\u0131lan 7 belediye ba\u015fkan\u0131n\u0131n da aralar\u0131nda bulundu\u011fu, 24&#8217;\u00fc tutuklu 200 san\u0131\u011f\u0131n&#8230;<\/p>\n","protected":false},"author":2,"featured_media":2440,"comment_status":"open","ping_status":"open","sticky":false,"template":"","format":"standard","meta":{"footnotes":""},"categories":[8,6,5],"tags":[],"class_list":["post-2441","post","type-post","status-publish","format-standard","has-post-thumbnail","hentry","category-arsiv","category-gundem","category-son-dakika"],"_links":{"self":[{"href":"https:\/\/eskigazeteci.com\/index.php?rest_route=\/wp\/v2\/posts\/2441","targetHints":{"allow":["GET"]}}],"collection":[{"href":"https:\/\/eskigazeteci.com\/index.php?rest_route=\/wp\/v2\/posts"}],"about":[{"href":"https:\/\/eskigazeteci.com\/index.php?rest_route=\/wp\/v2\/types\/post"}],"author":[{"embeddable":true,"href":"https:\/\/eskigazeteci.com\/index.php?rest_route=\/wp\/v2\/users\/2"}],"replies":[{"embeddable":true,"href":"https:\/\/eskigazeteci.com\/index.php?rest_route=%2Fwp%2Fv2%2Fcomments&post=2441"}],"version-history":[{"count":0,"href":"https:\/\/eskigazeteci.com\/index.php?rest_route=\/wp\/v2\/posts\/2441\/revisions"}],"wp:featuredmedia":[{"embeddable":true,"href":"https:\/\/eskigazeteci.com\/index.php?rest_route=\/wp\/v2\/media\/2440"}],"wp:attachment":[{"href":"https:\/\/eskigazeteci.com\/index.php?rest_route=%2Fwp%2Fv2%2Fmedia&parent=2441"}],"wp:term":[{"taxonomy":"category","embeddable":true,"href":"https:\/\/eskigazeteci.com\/index.php?rest_route=%2Fwp%2Fv2%2Fcategories&post=2441"},{"taxonomy":"post_tag","embeddable":true,"href":"https:\/\/eskigazeteci.com\/index.php?rest_route=%2Fwp%2Fv2%2Ftags&post=2441"}],"curies":[{"name":"wp","href":"https:\/\/api.w.org\/{rel}","templated":true}]}}