{"id":244,"date":"2026-02-09T09:53:42","date_gmt":"2026-02-09T09:53:42","guid":{"rendered":"https:\/\/eskigazeteci.com\/?p=244"},"modified":"2026-02-09T09:53:42","modified_gmt":"2026-02-09T09:53:42","slug":"haber-97","status":"publish","type":"post","link":"https:\/\/eskigazeteci.com\/?p=244","title":{"rendered":"Haber"},"content":{"rendered":"<p>\u00c7in&#x27;in Hong Kong \u00d6zel \u0130dari B\u00f6lgesi&#x27;nde kapat\u0131lan Apple Daily gazetesinin kurucusu, muhalif medya patronu Jimmy Lai &#x27;nin, 2019&#x27;da su\u00e7lular\u0131n \u00c7in ana karas\u0131na iade yasa tasar\u0131s\u0131na kar\u015f\u0131 y\u00fcr\u00fct\u00fclen kitlesel protestolardaki rol\u00fc nedeniyle yarg\u0131land\u0131\u011f\u0131 davada, Lai&#x27;nin yan\u0131 s\u0131ra Apple Daily ve ba\u011flant\u0131l\u0131 3 \u015firketin 6 eski y\u00f6neticisi ile 2 aktivist hapis cezas\u0131 ald\u0131.<\/p>\n<p>Hong Kong Y\u00fcksek Mahkemesi taraf\u0131ndan g\u00f6r\u00fclen davada, 78 ya\u015f\u0131ndaki Lai&#x27;ye 20 y\u0131l hapis cezas\u0131 verildi.<\/p>\n<p>Daha \u00f6nce at\u0131l\u0131 su\u00e7lar\u0131 kabul eden Apple Daily ve ba\u011flant\u0131l\u0131 3 \u015firketin 6 eski y\u00f6neticisi, 6 y\u0131l 9 ay ila 10 y\u0131l aras\u0131nda de\u011fi\u015fen hapis cezalar\u0131na \u00e7arpt\u0131r\u0131l\u0131rken, savc\u0131l\u0131\u011fa ifade eden 2 aktivist ise 7 y\u0131l 3&#x27;er ay hapis cezas\u0131 ald\u0131.<\/p>\n<p>Mahkeme, 15 Aral\u0131k 2025&#x27;teki karar duru\u015fmas\u0131nda Lai&#x27;nin iki kez &quot;d\u0131\u015f g\u00fc\u00e7lerle i\u015fbirli\u011fi&quot; ve bir kez &quot;halk\u0131 isyana te\u015fvik&quot; su\u00e7unu i\u015fledi\u011fine h\u00fckmetmi\u015fti.<\/p>\n<p>Kararda, Lai&#x27;nin, Nisan 2019 ile Haziran 2021 tarihlerini kapsayan d\u00f6nemde, sahibi oldu\u011fu yay\u0131n kurulu\u015funu ve sosyal medya platformlar\u0131n\u0131, otoritelere kar\u015f\u0131 kamusal ho\u015fnutsuzluk yaratmak ve uluslararas\u0131 yapt\u0131r\u0131mlar\u0131 tetiklemek amac\u0131yla kulland\u0131\u011f\u0131 belirtilmi\u015fti.<\/p>\n<p>Lai&#x27;nin &quot;Fight For Freedom, Stand With Hong Kong&quot; (\u00d6zg\u00fcrl\u00fck \u0130\u00e7in M\u00fccadele Et, Hong Kong&#x27;un Yan\u0131nda Ol) lobi grubuna mali destek sa\u011flad\u0131\u011f\u0131na i\u015faret edilen kararda, bu yolla Bat\u0131 \u00fclkelerinde Hong Kong&#x27;a kar\u015f\u0131 yapt\u0131r\u0131mlar\u0131 k\u0131\u015fk\u0131rtmaya \u00e7al\u0131\u015ft\u0131\u011f\u0131 ifade edilmi\u015fti.<\/p>\n<p>\u00c7\u0130N&#x27;\u0130N APPLE DAILY KARARI<\/p>\n<p>Hong Kong polisi, A\u011fustos 2020&#x27;de Apple Daily ile \u00e7at\u0131 \u015firketi Next Digital&#x27;in ofislerine bask\u0131n d\u00fczenleyerek Jimmy Lai ile 6 gazete y\u00f6neticisini, &quot;ulusal g\u00fcvenlik yasas\u0131n\u0131 ihlal ettikleri&quot; ve &quot;d\u0131\u015f g\u00fc\u00e7lerle i\u015fbirli\u011fi yapt\u0131klar\u0131&quot; gerek\u00e7esiyle g\u00f6zalt\u0131na alm\u0131\u015ft\u0131.<\/p>\n<p>Mal varl\u0131klar\u0131 dondurulan, y\u00f6neticileri ve edit\u00f6rleri g\u00f6zalt\u0131na al\u0131nan gazete, Haziran 2021&#x27;de kapanm\u0131\u015ft\u0131.<\/p>\n<p>Lai, daha \u00f6nce \u015firketle ilgili soru\u015fturmada kira s\u00f6zle\u015fmelerinde tespit edilen usuls\u00fczl\u00fckler nedeniyle a\u00e7\u0131lan davada 5 y\u0131l 9 ay hapis cezas\u0131na \u00e7arpt\u0131r\u0131lm\u0131\u015ft\u0131.<\/p>\n<p>Y\u00fcksek Mahkeme taraf\u0131ndan g\u00f6r\u00fclen ulusal g\u00fcvenlik davas\u0131n\u0131n ilk duru\u015fmas\u0131, 18 Aral\u0131k 2023&#x27;te yap\u0131lm\u0131\u015ft\u0131.<\/p>\n<p>ULUSLARARASI TEPK\u0130LER<\/p>\n<p>Lai&#x27;nin davas\u0131, Bat\u0131l\u0131 \u00fclkeler taraf\u0131ndan eski \u0130ngiliz s\u00f6m\u00fcrgesi olan b\u00f6lgede demokratik \u00f6zg\u00fcrl\u00fcklerin ihlalinin sembol\u00fc olarak g\u00f6r\u00fcl\u00fcyor.<\/p>\n<p>\u0130ngiltere Ba\u015fbakan\u0131 Keir Starmer, Kas\u0131m 2024&#x27;te Brezilya&#x27;n\u0131n Rio de Janeiro kentinde d\u00fczenlenen G20 Zirvesi&#x27;nde \u00c7in Devlet Ba\u015fkan\u0131 \u015ei Cinping ile yapt\u0131\u011f\u0131 ikili g\u00f6r\u00fc\u015fmede konuyu g\u00fcndeme getirmi\u015f, bu y\u0131l ocakta Pekin&#x27;e yapt\u0131\u011f\u0131 ziyarette de konuyu g\u00fcndeme getirdi\u011fini ifade etmi\u015f ancak g\u00f6r\u00fc\u015fmelere ili\u015fkin yap\u0131lan a\u00e7\u0131klamalarda davaya de\u011finilmemi\u015fti.<\/p>\n<p>ABD Ba\u015fkan\u0131 Donald Trump da se\u00e7im kampanyas\u0131 s\u0131ras\u0131nda \u00c7in lideri \u015ei ile Lai&#x27;nin serbest b\u0131rak\u0131lmas\u0131n\u0131 g\u00f6r\u00fc\u015f\u00fcp g\u00f6r\u00fc\u015fmeyece\u011fi sorusuna, &quot;Y\u00fczde 100, onu d\u0131\u015far\u0131 \u00e7\u0131karaca\u011f\u0131m.&quot; yan\u0131t\u0131n\u0131 vermi\u015fti.<\/p>\n<p>Ba\u015fkan Trump, konuyu \u015ei ile 30 Ekim 2025&#x27;te G\u00fcney Kore&#x27;nin Busan \u015fehrinde yapt\u0131klar\u0131 g\u00f6r\u00fc\u015fmede g\u00fcndeme getirece\u011fini belirtmi\u015f, ancak zirvenin ard\u0131ndan bu konuda bir a\u00e7\u0131klama yap\u0131lmam\u0131\u015ft\u0131.<\/p>\n<p>\u00c7in D\u0131\u015fi\u015fleri Bakanl\u0131\u011f\u0131 S\u00f6zc\u00fcs\u00fc Mao Ning, Lai&#x27;nin yarg\u0131lanmas\u0131n\u0131n Hong Kong&#x27;un ve \u00c7in&#x27;in &quot;i\u00e7 i\u015fi&quot; oldu\u011funu ve bu konuda d\u0131\u015f bask\u0131y\u0131 kabul etmeyeceklerini dile getirmi\u015fti.<\/p>\n<p>SU\u00c7LULARIN \u00c7\u0130N&#x27;E \u0130ADES\u0130N\u0130 KOLAYLA\u015eTIRAN YASA<\/p>\n<p>Hong Kong&#x27;da 2019&#x27;da su\u00e7lular\u0131n \u00c7in ana karas\u0131, Makao \u00d6zel \u0130dari B\u00f6lgesi ve Tayvan&#x27;a iadesini kolayla\u015ft\u0131ran yasa tasar\u0131s\u0131, merkezi h\u00fck\u00fcmetin b\u00f6lgenin \u00f6zerk hukuk sistemi \u00fczerinde tahakk\u00fcm\u00fcne yol a\u00e7aca\u011f\u0131 gerek\u00e7esiyle muhalefetin tepkisine yol a\u00e7m\u0131\u015ft\u0131.<\/p>\n<p>Yasa g\u00f6r\u00fc\u015f\u00fcl\u00fcrken mecliste yo\u011fun tart\u0131\u015fmalar ya\u015fanm\u0131\u015f, Haziran 2019&#x27;dan itibaren kent sokaklar\u0131nda ve \u00fcniversite kamp\u00fcslerinde binlerce ki\u015finin kat\u0131ld\u0131\u011f\u0131 b\u00fcy\u00fck \u00e7apl\u0131 kitlesel g\u00f6steriler d\u00fczenlenmi\u015fti.<\/p>\n<p>G\u00f6sterilerin giderek yay\u0131lmas\u0131 \u00fczerine yerel h\u00fck\u00fcmet, temmuzda tasar\u0131n\u0131n ask\u0131ya al\u0131nd\u0131\u011f\u0131n\u0131 a\u00e7\u0131klam\u0131\u015f, g\u00f6sterilerin kesilmemesi \u00fczerine ise eyl\u00fclde tasar\u0131n\u0131n iptal edildi\u011fini duyurmu\u015ftu.<\/p>\n<p>Tasar\u0131n\u0131n iptaline ra\u011fmen g\u00f6stericiler, h\u00fck\u00fcmetin istifas\u0131 talebiyle protestolar\u0131na y\u0131l sonuna kadar devam etmi\u015fti.<\/p>\n<p>HONG KONG&#x27;DA Y\u00dcR\u00dcRL\u00dc\u011eE G\u0130REN YASA<\/p>\n<p>Protestolar\u0131n ard\u0131ndan \u00c7in y\u00f6netimi, Haziran 2020&#x27;de \u00e7\u0131kard\u0131\u011f\u0131 Ulusal G\u00fcvenlik Yasas\u0131 ile h\u00fck\u00fcmeti y\u0131kmaya te\u015febb\u00fcs, vatana ihanet ve ulusal g\u00fcvenli\u011fi tehlikeye atan eylemleri su\u00e7 haline getirmi\u015f, yasa Hong Kong Meclisince onaylanarak b\u00f6lgede y\u00fcr\u00fcrl\u00fc\u011fe girmi\u015fti.<\/p>\n<p>\u0130\u00e7eri\u011fi itibar\u0131yla aslen demokrasi yanl\u0131s\u0131 protesto hareketini hedef alan yasan\u0131n y\u00fcr\u00fcrl\u00fc\u011fe girmesiyle muhalif gazeteciler, siyaset\u00e7iler, i\u015f insanlar\u0131 ve aktivistlerin ulusal g\u00fcvenlik gerek\u00e7esiyle yarg\u0131lanmalar\u0131n\u0131n \u00f6n\u00fc a\u00e7\u0131lm\u0131\u015ft\u0131.<\/p>\n<p>Yasa kapsam\u0131nda 100&#x27;den fazla muhalif hakk\u0131nda soru\u015fturma ba\u015flat\u0131l\u0131rken, demokrasi yanl\u0131s\u0131 \u00e7ok say\u0131da sivil toplum \u00f6rg\u00fct\u00fc ve medya kurulu\u015fu kapat\u0131lm\u0131\u015ft\u0131.<\/p>\n<p>Yurtd\u0131\u015f\u0131nda ya\u015fanan en son olaylar, d\u00fcnya g\u00fcndemine oturan d\u0131\u015f haberler, son dakika d\u00fcnya haberleri, di\u011fer d\u00fcnya \u00fclkelerinden g\u00fcncel haberler i\u00e7in T\u00fcrkiye&#x27;nin haber sitesi hurriyet.com.tr; Hurriyet.com.tr haber i\u00e7erikleri kaynak g\u00f6sterilmeden al\u0131nt\u0131 yap\u0131lamaz, Kanuna ayk\u0131r\u0131 ve izinsiz olarak kopyalanamaz, ba\u015fka yerde yay\u0131nlanamaz.<\/p>\n","protected":false},"excerpt":{"rendered":"<p>\u00c7in&#8217;in Hong Kong \u00d6zel \u0130dari B\u00f6lgesi&#8217;nde, muhalif medya patronu Jimmy Lai, d\u0131\u015f g\u00fc\u00e7lerle i\u015fbirli\u011fi ve halk\u0131 isyana te\u015fvik su\u00e7lar\u0131ndan yarg\u0131land\u0131\u011f\u0131 davada 20&#8230;<\/p>\n","protected":false},"author":2,"featured_media":243,"comment_status":"open","ping_status":"open","sticky":false,"template":"","format":"standard","meta":{"footnotes":""},"categories":[8,3],"tags":[],"class_list":["post-244","post","type-post","status-publish","format-standard","has-post-thumbnail","hentry","category-arsiv","category-siyaset"],"_links":{"self":[{"href":"https:\/\/eskigazeteci.com\/index.php?rest_route=\/wp\/v2\/posts\/244","targetHints":{"allow":["GET"]}}],"collection":[{"href":"https:\/\/eskigazeteci.com\/index.php?rest_route=\/wp\/v2\/posts"}],"about":[{"href":"https:\/\/eskigazeteci.com\/index.php?rest_route=\/wp\/v2\/types\/post"}],"author":[{"embeddable":true,"href":"https:\/\/eskigazeteci.com\/index.php?rest_route=\/wp\/v2\/users\/2"}],"replies":[{"embeddable":true,"href":"https:\/\/eskigazeteci.com\/index.php?rest_route=%2Fwp%2Fv2%2Fcomments&post=244"}],"version-history":[{"count":0,"href":"https:\/\/eskigazeteci.com\/index.php?rest_route=\/wp\/v2\/posts\/244\/revisions"}],"wp:featuredmedia":[{"embeddable":true,"href":"https:\/\/eskigazeteci.com\/index.php?rest_route=\/wp\/v2\/media\/243"}],"wp:attachment":[{"href":"https:\/\/eskigazeteci.com\/index.php?rest_route=%2Fwp%2Fv2%2Fmedia&parent=244"}],"wp:term":[{"taxonomy":"category","embeddable":true,"href":"https:\/\/eskigazeteci.com\/index.php?rest_route=%2Fwp%2Fv2%2Fcategories&post=244"},{"taxonomy":"post_tag","embeddable":true,"href":"https:\/\/eskigazeteci.com\/index.php?rest_route=%2Fwp%2Fv2%2Ftags&post=244"}],"curies":[{"name":"wp","href":"https:\/\/api.w.org\/{rel}","templated":true}]}}