{"id":2439,"date":"2026-02-20T11:01:08","date_gmt":"2026-02-20T11:01:08","guid":{"rendered":"https:\/\/eskigazeteci.com\/?p=2439"},"modified":"2026-02-20T11:01:08","modified_gmt":"2026-02-20T11:01:08","slug":"trabzonspor-yeni-sezonun-ilk-transferini-besiktastan-yapiyor","status":"publish","type":"post","link":"https:\/\/eskigazeteci.com\/?p=2439","title":{"rendered":"Trabzonspor yeni sezonun ilk transferini Be\u015fikta\u015f&#8217;tan yap\u0131yor!"},"content":{"rendered":"<p>Fatih Tekke y\u00f6netiminde S\u00fcper Lig&#x27;de 2025-26 sezonuna iyi bir giri\u015f yapan Trabzonspor&#x27;da Fenerbah\u00e7e ma\u011flubiyeti moralleri bozdu. Galatasaray &#x27;\u0131n 10, Fenerbah\u00e7e&#x27;nin 7 puan gerisie d\u00fc\u015fen bordo-mavililerde gelecek sezonun transfer \u00e7al\u0131\u015fmalar\u0131 da \u015fimdiden ba\u015flad\u0131.<\/p>\n<p>Teknik direkt\u00f6r Fatih Tekke&#x27;nin raporu do\u011frultusunda hareket eden Trabzonspor y\u00f6netimi, 2026-2027 sezonunun ilk transferini Be\u015fikta\u015f &#x27;tan yapmaya haz\u0131rlan\u0131yor. Bu isim Ernest Mu\u00e7i.<\/p>\n<p>SEZON B\u0130TMEDEN \u0130LK TAKS\u0130T\u0130 \u00d6DENECEK, BONSERV\u0130S\u0130 ALINACAK<\/p>\n<p>Trabzonspor&#x27;un 1 milyon euro kiralama ve 8.5 milyon euro sat\u0131n alma opsiyonuyla kiralad\u0131\u011f\u0131 Ernest Mu\u00e7i, bordo-mavililerde kariyer sezonunu ya\u015f\u0131yor. Onuachu&#x27;nun ard\u0131ndan Trabzonspor&#x27;un en etkili h\u00fccum silah\u0131 olan 24 ya\u015f\u0131ndaki futbolcu i\u00e7in Karadeniz devi sezon bitmeden harekete ge\u00e7meye haz\u0131rlan\u0131yor.<\/p>\n<p>1.5 M\u0130LYON EURO \u00d6DEN\u0130P BONSERV\u0130S\u0130 ALINACAK<\/p>\n<p>Fanatik&#x27;e g\u00f6re; Trabzonspor, Mu\u00e7i&#x27;nin bonservisini almas\u0131 halinde kiralama bedeli olarak \u00f6dedi\u011fi 1 milyon euroyu 8.5 milyon euroluk opsiyondan d\u00fc\u015fecek. Kalan 7.5 milyon euroluk k\u0131s\u0131m ise 5 e\u015fit taksitle \u00f6denecek.<\/p>\n<p>Dolay\u0131s\u0131yla Trabzonspor ilk taksit olan 1.5 milyon euroyu \u00f6dedi\u011finde Mu\u00e7i resmen bordo-mavililerin futbolcusu olacak.<\/p>\n<p>BE\u015e\u0130KTA\u015e 10 M\u0130LYON&#8230;<\/p>\n","protected":false},"excerpt":{"rendered":"<p>Yeni sezonun transfer \u00e7al\u0131\u015fmalar\u0131na \u015fimdiden ba\u015flayan Trabzonspor, teknik direkt\u00f6r Fatih Tekke&#8217;nin raporu do\u011frultusunda sezon ba\u015f\u0131nda Be\u015fikta\u015f&#8217;tan kiralad\u0131\u011f\u0131&#8230;<\/p>\n","protected":false},"author":2,"featured_media":2438,"comment_status":"open","ping_status":"open","sticky":false,"template":"","format":"standard","meta":{"footnotes":""},"categories":[8,5,7],"tags":[],"class_list":["post-2439","post","type-post","status-publish","format-standard","has-post-thumbnail","hentry","category-arsiv","category-son-dakika","category-spor"],"_links":{"self":[{"href":"https:\/\/eskigazeteci.com\/index.php?rest_route=\/wp\/v2\/posts\/2439","targetHints":{"allow":["GET"]}}],"collection":[{"href":"https:\/\/eskigazeteci.com\/index.php?rest_route=\/wp\/v2\/posts"}],"about":[{"href":"https:\/\/eskigazeteci.com\/index.php?rest_route=\/wp\/v2\/types\/post"}],"author":[{"embeddable":true,"href":"https:\/\/eskigazeteci.com\/index.php?rest_route=\/wp\/v2\/users\/2"}],"replies":[{"embeddable":true,"href":"https:\/\/eskigazeteci.com\/index.php?rest_route=%2Fwp%2Fv2%2Fcomments&post=2439"}],"version-history":[{"count":0,"href":"https:\/\/eskigazeteci.com\/index.php?rest_route=\/wp\/v2\/posts\/2439\/revisions"}],"wp:featuredmedia":[{"embeddable":true,"href":"https:\/\/eskigazeteci.com\/index.php?rest_route=\/wp\/v2\/media\/2438"}],"wp:attachment":[{"href":"https:\/\/eskigazeteci.com\/index.php?rest_route=%2Fwp%2Fv2%2Fmedia&parent=2439"}],"wp:term":[{"taxonomy":"category","embeddable":true,"href":"https:\/\/eskigazeteci.com\/index.php?rest_route=%2Fwp%2Fv2%2Fcategories&post=2439"},{"taxonomy":"post_tag","embeddable":true,"href":"https:\/\/eskigazeteci.com\/index.php?rest_route=%2Fwp%2Fv2%2Ftags&post=2439"}],"curies":[{"name":"wp","href":"https:\/\/api.w.org\/{rel}","templated":true}]}}