{"id":2437,"date":"2026-02-20T10:59:36","date_gmt":"2026-02-20T10:59:36","guid":{"rendered":"https:\/\/eskigazeteci.com\/?p=2437"},"modified":"2026-02-20T10:59:36","modified_gmt":"2026-02-20T10:59:36","slug":"fenerbahceden-sakatlanan-milan-skriniar-icin-aciklama-besiktas-derbisine-yetisecek-mi","status":"publish","type":"post","link":"https:\/\/eskigazeteci.com\/?p=2437","title":{"rendered":"Fenerbah\u00e7e&#8217;den sakatlanan Milan Skriniar i\u00e7in a\u00e7\u0131klama! Be\u015fikta\u015f derbisine yeti\u015fecek mi?"},"content":{"rendered":"<p>UEFA Avrupa Ligi son 16 play-off turu Fenerbah\u00e7e &#x27;nin evinde Nottingham Forest ile kar\u015f\u0131la\u015ft\u0131\u011f\u0131 ma\u00e7ta Milan Skriniar sakatland\u0131.<\/p>\n<p>OYUNA DEVAM EDEMED\u0130<\/p>\n<p>Nottingham Forest ma\u00e7\u0131n\u0131n 23. dakikas\u0131nda sakatlanan Milan Skriniar ma\u00e7\u0131n geri kalan\u0131na devam edemedi. Slovak savunma oyuncusunun yerine \u00c7a\u011flar S\u00f6y\u00fcnc\u00fc dahil oldu.<\/p>\n<p>FENERBAH\u00c7E&#x27;DEN A\u00c7IKLAMA GELD\u0130<\/p>\n<p>Fenerbah\u00e7e&#x27;den yap\u0131lan a\u00e7\u0131klama \u015f\u00f6yle; Futbol A Tak\u0131m\u0131m\u0131z\u0131n kaptan\u0131 Milan Skriniar\u2019\u0131n d\u00fcn ak\u015fam oynanan Nottingham Forest ma\u00e7\u0131nda ya\u015fad\u0131\u011f\u0131 sakatl\u0131k sonras\u0131 Ata\u015fehir Medicana Hastanesi&#x27;nde MR g\u00f6r\u00fcnt\u00fclenmesi ger\u00e7ekle\u015ftirilmi\u015ftir. Yap\u0131lan de\u011ferlendirme neticesinde sa\u011f kas\u0131\u011f\u0131nda k\u0131smi y\u0131rt\u0131k tespit edilen oyuncumuzun tedavisine ba\u015flanm\u0131\u015ft\u0131r.<\/p>\n<p>Kamuoyunun bilgisine sunar\u0131z.<\/p>\n<p>EN AZ 4 HAFTA YOK<\/p>\n<p>Tecr\u00fcbeli stoperin kesin durumunun bug\u00fcn \u00e7ekilecek MR sonu\u00e7lar\u0131na g\u00f6re belli olaca\u011f\u0131 fakat 4-5 hafta aras\u0131nda sahalarda uzak kalmas\u0131 beklendi\u011fi \u00f6\u011frenildi.<\/p>\n<p>Skriniar&#x27;\u0131n formas\u0131ndan 1 ay uzak kalmas\u0131 halinde ka\u00e7\u0131raca\u011f\u0131 ma\u00e7lar \u015f\u00f6yle:<\/p>\n<p>Kas\u0131m\u015fapa &#8211; S\u00fcper Lig<\/p>\n<p>Nottingham Forest (D) &#8211; UEFA Avrupa Ligi<\/p>\n<p>Antalyaspor (D) &#8211; S\u00fcper Lig<\/p>\n<p>Gaziantep FK (D) &#8211; T\u00fcrkiye Kupas\u0131<\/p>\n<p>Samsunspor &#8211; S\u00fcper Lig<\/p>\n<p>Fatih Karag\u00fcmr\u00fck (D) &#8211; S\u00fcper Lig<\/p>\n<p>Gaziantep FK &#8211; S\u00fcper Lig<\/p>\n<p>BE\u015e\u0130KTA\u015e&#8230;<\/p>\n","protected":false},"excerpt":{"rendered":"<p>Fenerbah\u00e7e, d\u00fcn ak\u015fam Nottiingham Forest ma\u00e7\u0131nda sakatlanan Milan Skriniar&#8217;\u0131n sa\u011f kas\u0131\u011f\u0131nda k\u0131smi y\u0131rt\u0131k tespit edildi\u011fi a\u00e7\u0131klad\u0131<\/p>\n","protected":false},"author":2,"featured_media":2436,"comment_status":"open","ping_status":"open","sticky":false,"template":"","format":"standard","meta":{"footnotes":""},"categories":[8,5,7],"tags":[],"class_list":["post-2437","post","type-post","status-publish","format-standard","has-post-thumbnail","hentry","category-arsiv","category-son-dakika","category-spor"],"_links":{"self":[{"href":"https:\/\/eskigazeteci.com\/index.php?rest_route=\/wp\/v2\/posts\/2437","targetHints":{"allow":["GET"]}}],"collection":[{"href":"https:\/\/eskigazeteci.com\/index.php?rest_route=\/wp\/v2\/posts"}],"about":[{"href":"https:\/\/eskigazeteci.com\/index.php?rest_route=\/wp\/v2\/types\/post"}],"author":[{"embeddable":true,"href":"https:\/\/eskigazeteci.com\/index.php?rest_route=\/wp\/v2\/users\/2"}],"replies":[{"embeddable":true,"href":"https:\/\/eskigazeteci.com\/index.php?rest_route=%2Fwp%2Fv2%2Fcomments&post=2437"}],"version-history":[{"count":0,"href":"https:\/\/eskigazeteci.com\/index.php?rest_route=\/wp\/v2\/posts\/2437\/revisions"}],"wp:featuredmedia":[{"embeddable":true,"href":"https:\/\/eskigazeteci.com\/index.php?rest_route=\/wp\/v2\/media\/2436"}],"wp:attachment":[{"href":"https:\/\/eskigazeteci.com\/index.php?rest_route=%2Fwp%2Fv2%2Fmedia&parent=2437"}],"wp:term":[{"taxonomy":"category","embeddable":true,"href":"https:\/\/eskigazeteci.com\/index.php?rest_route=%2Fwp%2Fv2%2Fcategories&post=2437"},{"taxonomy":"post_tag","embeddable":true,"href":"https:\/\/eskigazeteci.com\/index.php?rest_route=%2Fwp%2Fv2%2Ftags&post=2437"}],"curies":[{"name":"wp","href":"https:\/\/api.w.org\/{rel}","templated":true}]}}