{"id":2435,"date":"2026-02-20T10:58:04","date_gmt":"2026-02-20T10:58:04","guid":{"rendered":"https:\/\/eskigazeteci.com\/?p=2435"},"modified":"2026-02-20T10:58:04","modified_gmt":"2026-02-20T10:58:04","slug":"dis-fircalamak-orucu-bozar-mi-macunla-fircalamak-orucu-etkiler-mi-diyanet-yanitladi","status":"publish","type":"post","link":"https:\/\/eskigazeteci.com\/?p=2435","title":{"rendered":"Di\u015f f\u0131r\u00e7alamak orucu bozar m\u0131? Macunla f\u0131r\u00e7alamak orucu etkiler mi? Diyanet yan\u0131tlad\u0131!"},"content":{"rendered":"<p>\u0130ftar ve Sahur vakitlerini H\u00fcrriyet uygulamas\u0131 ile takip edin!<\/p>\n<p>H\u00fcrriyet App<\/p>\n<p>Web<\/p>\n<p>Macunla di\u015f f\u0131r\u00e7alamak orucu bozar m\u0131 sorusu, Ramazan ay\u0131nda oruca niyetlenenler taraf\u0131ndan ara\u015ft\u0131r\u0131l\u0131yor. G\u00fcn i\u00e7erisinde yeme i\u00e7me olmasa da a\u011f\u0131z kokusunu engellemek i\u00e7in, sabah i\u015fe giderken \u00f6zellikle di\u015f f\u0131r\u00e7alama konusunda hassasiyet, toplu ortamlarda gerekli k\u0131l\u0131n\u0131yor. Peki, Di\u015f f\u0131r\u00e7alamak orucu bozar m\u0131? Macunla f\u0131r\u00e7alamak orucu etkiler mi? Diyanet cevab\u0131 haberimizde&#8230;<\/p>\n<p>Macunla di\u015f f\u0131r\u00e7alamak orucu bozar m\u0131 sorusu, Ramazan ay\u0131nda oruca niyetlenenler taraf\u0131ndan ara\u015ft\u0131r\u0131l\u0131yor. G\u00fcn i\u00e7erisinde yeme i\u00e7me olmasa da a\u011f\u0131z kokusunu engellemek i\u00e7in, sabah i\u015fe giderken \u00f6zellikle di\u015f f\u0131r\u00e7alama konusunda hassasiyet, toplu ortamlarda gerekli k\u0131l\u0131n\u0131yor. Peki, Di\u015f f\u0131r\u00e7alamak orucu bozar m\u0131? Macunla f\u0131r\u00e7alamak orucu etkiler mi? Diyanet cevab\u0131 haberimizde&#8230;<\/p>\n<p>Bo\u011faza su ka\u00e7\u0131rmadan a\u011fz\u0131 su ile \u00e7alkalamak orucu bozmad\u0131\u011f\u0131 gibi di\u015f f\u0131r\u00e7alamakla da oru\u00e7 bozulmaz. (el-Fet\u00e2va\u2019l-Hindiyye, 1\/202) Bununla birlikte, di\u015f macununun veya suyun bo\u011faza ka\u00e7mas\u0131 h\u00e2linde oru\u00e7 bozulur. Orucun bozulma ihtimali dikkate al\u0131narak, di\u015flerin imsaktan \u00f6nce veya iftardan sonra f\u0131r\u00e7alanmas\u0131, oru\u00e7luyken f\u0131r\u00e7alanacaksa da macun kullan\u0131lmamas\u0131&#8230;<\/p>\n","protected":false},"excerpt":{"rendered":"<p>Ramazan ay\u0131n\u0131n ba\u015flamas\u0131yla birlikte orucu bozan durumlar ara\u015ft\u0131r\u0131lmaya ba\u015fland\u0131. Bunun ba\u015f\u0131nda da g\u00fcnl\u00fck ihtiya\u00e7lar\u0131m\u0131zdan olan di\u015f f\u0131r\u00e7alamak geliyor&#8230;.<\/p>\n","protected":false},"author":2,"featured_media":2434,"comment_status":"open","ping_status":"open","sticky":false,"template":"","format":"standard","meta":{"footnotes":""},"categories":[8,6,5],"tags":[],"class_list":["post-2435","post","type-post","status-publish","format-standard","has-post-thumbnail","hentry","category-arsiv","category-gundem","category-son-dakika"],"_links":{"self":[{"href":"https:\/\/eskigazeteci.com\/index.php?rest_route=\/wp\/v2\/posts\/2435","targetHints":{"allow":["GET"]}}],"collection":[{"href":"https:\/\/eskigazeteci.com\/index.php?rest_route=\/wp\/v2\/posts"}],"about":[{"href":"https:\/\/eskigazeteci.com\/index.php?rest_route=\/wp\/v2\/types\/post"}],"author":[{"embeddable":true,"href":"https:\/\/eskigazeteci.com\/index.php?rest_route=\/wp\/v2\/users\/2"}],"replies":[{"embeddable":true,"href":"https:\/\/eskigazeteci.com\/index.php?rest_route=%2Fwp%2Fv2%2Fcomments&post=2435"}],"version-history":[{"count":0,"href":"https:\/\/eskigazeteci.com\/index.php?rest_route=\/wp\/v2\/posts\/2435\/revisions"}],"wp:featuredmedia":[{"embeddable":true,"href":"https:\/\/eskigazeteci.com\/index.php?rest_route=\/wp\/v2\/media\/2434"}],"wp:attachment":[{"href":"https:\/\/eskigazeteci.com\/index.php?rest_route=%2Fwp%2Fv2%2Fmedia&parent=2435"}],"wp:term":[{"taxonomy":"category","embeddable":true,"href":"https:\/\/eskigazeteci.com\/index.php?rest_route=%2Fwp%2Fv2%2Fcategories&post=2435"},{"taxonomy":"post_tag","embeddable":true,"href":"https:\/\/eskigazeteci.com\/index.php?rest_route=%2Fwp%2Fv2%2Ftags&post=2435"}],"curies":[{"name":"wp","href":"https:\/\/api.w.org\/{rel}","templated":true}]}}