{"id":2433,"date":"2026-02-20T10:48:05","date_gmt":"2026-02-20T10:48:05","guid":{"rendered":"https:\/\/eskigazeteci.com\/?p=2433"},"modified":"2026-02-20T10:48:05","modified_gmt":"2026-02-20T10:48:05","slug":"eldar-mansurovun-senfonik-gravurleri-akmde-sanat-severlerle-bulusuyor","status":"publish","type":"post","link":"https:\/\/eskigazeteci.com\/?p=2433","title":{"rendered":"Eldar Mansurovun Senfonik Grav\u00fcrleri AKM&#8217;de sanat severlerle bulu\u015fuyor"},"content":{"rendered":"<p>\u201cEldar Mansurov\u2019un Senfonik Grav\u00fcrleri\u201d ba\u015fl\u0131kl\u0131 konser, 1 Nisan\u2019da saat 20.00\u2019de ger\u00e7ekle\u015ftirilecek. Gecede orkestray\u0131, uluslararas\u0131 alanda tan\u0131nan \u015fef Fuad \u0130brahimov y\u00f6netecek.<\/p>\n<p>Konserde \u00fcnl\u00fc tenor Yusif Eyvazov ile soprano Hale Soner sahne alacak. Gecenin konuk sanat\u00e7\u0131s\u0131 ise Levent Y\u00fcksel olacak.<\/p>\n<p>\u0130stanbul Devlet Opera ve Balesi Orkestras\u0131 taraf\u0131ndan icra edilecek konserde, Eldar Mansurov\u2019un senfonik repertuvar\u0131ndan se\u00e7kin eserler sanatseverlerle bulu\u015facak.<\/p>\n<p>Etkinlikte klasik m\u00fczik ile \u00e7a\u011fda\u015f yorumlar\u0131n bir araya geldi\u011fi \u00f6zel bir program sunulmas\u0131 planlan\u0131yor.<\/p>\n<p>T\u00fcrkiye g\u00fcndeminden son dakika haberleri, bug\u00fcn ya\u015fanan en son geli\u015fmeler, siyaset g\u00fcndeminden g\u00fcncel haberler ve b\u00fct\u00fcn son dakika haberleri i\u00e7in H\u00fcrriyet&#x27;in internet haber sitesi hurriyet.com.tr; Hurriyet.com.tr haber i\u00e7erikleri kaynak g\u00f6sterilmeden al\u0131nt\u0131 yap\u0131lamaz, Kanuna ayk\u0131r\u0131 ve izinsiz olarak kopyalanamaz, ba\u015fka yerde yay\u0131nlanamaz.<\/p>\n","protected":false},"excerpt":{"rendered":"<p>K\u00fclt\u00fcr ve Turizm Bakanl\u0131\u011f\u0131 himayesinde, Atat\u00fcrk K\u00fclt\u00fcr Merkezi b\u00fcnyesindeki AKM T\u00fcrk Telekom Opera Salonu, Azerbaycanl\u0131 besteci Eldar Mansurov\u2019un senfonik&#8230;<\/p>\n","protected":false},"author":2,"featured_media":2432,"comment_status":"open","ping_status":"open","sticky":false,"template":"","format":"standard","meta":{"footnotes":""},"categories":[8,6,5],"tags":[],"class_list":["post-2433","post","type-post","status-publish","format-standard","has-post-thumbnail","hentry","category-arsiv","category-gundem","category-son-dakika"],"_links":{"self":[{"href":"https:\/\/eskigazeteci.com\/index.php?rest_route=\/wp\/v2\/posts\/2433","targetHints":{"allow":["GET"]}}],"collection":[{"href":"https:\/\/eskigazeteci.com\/index.php?rest_route=\/wp\/v2\/posts"}],"about":[{"href":"https:\/\/eskigazeteci.com\/index.php?rest_route=\/wp\/v2\/types\/post"}],"author":[{"embeddable":true,"href":"https:\/\/eskigazeteci.com\/index.php?rest_route=\/wp\/v2\/users\/2"}],"replies":[{"embeddable":true,"href":"https:\/\/eskigazeteci.com\/index.php?rest_route=%2Fwp%2Fv2%2Fcomments&post=2433"}],"version-history":[{"count":0,"href":"https:\/\/eskigazeteci.com\/index.php?rest_route=\/wp\/v2\/posts\/2433\/revisions"}],"wp:featuredmedia":[{"embeddable":true,"href":"https:\/\/eskigazeteci.com\/index.php?rest_route=\/wp\/v2\/media\/2432"}],"wp:attachment":[{"href":"https:\/\/eskigazeteci.com\/index.php?rest_route=%2Fwp%2Fv2%2Fmedia&parent=2433"}],"wp:term":[{"taxonomy":"category","embeddable":true,"href":"https:\/\/eskigazeteci.com\/index.php?rest_route=%2Fwp%2Fv2%2Fcategories&post=2433"},{"taxonomy":"post_tag","embeddable":true,"href":"https:\/\/eskigazeteci.com\/index.php?rest_route=%2Fwp%2Fv2%2Ftags&post=2433"}],"curies":[{"name":"wp","href":"https:\/\/api.w.org\/{rel}","templated":true}]}}