{"id":2431,"date":"2026-02-20T10:42:41","date_gmt":"2026-02-20T10:42:41","guid":{"rendered":"https:\/\/eskigazeteci.com\/?p=2431"},"modified":"2026-02-20T10:42:41","modified_gmt":"2026-02-20T10:42:41","slug":"tuncelide-yuzde-90i-tamamlanan-hes-projesi-mahkeme-yolu-ile-iptal-edildi","status":"publish","type":"post","link":"https:\/\/eskigazeteci.com\/?p=2431","title":{"rendered":"Tunceli&#8217;de y\u00fczde 90&#8217;\u0131 tamamlanan HES projesi mahkeme yolu ile iptal edildi"},"content":{"rendered":"<p>\u00c7emi\u015fgezek il\u00e7e merkezinden ge\u00e7en Ta\u011far Vadisi; zengin bitki \u00f6rt\u00fcs\u00fc, yaban hayat\u0131 ve do\u011fal peyzaj\u0131 ile \u00f6n plana \u00e7\u0131k\u0131yor. T\u00fcrkiye\u2019de il\u00e7e merkezleri i\u00e7inde yaban ke\u00e7ilerinin en yo\u011fun habitat buldu\u011fu yer olarak bilinen b\u00f6lgede, Ta\u011far \u00c7ay\u0131 ekosistemin can damar\u0131 olarak g\u00f6r\u00fcl\u00fcyor. Vadide ayr\u0131ca birinci derece arkeolojik sit alan\u0131 olan \u0130n Ma\u011faralar\u0131 ile 1807 y\u0131l\u0131nda yapt\u0131r\u0131lan ve tescilli k\u00fclt\u00fcr varl\u0131\u011f\u0131 olan 45 metre uzunlu\u011fundaki Yusuf Ziya Pa\u015fa K\u00f6pr\u00fcs\u00fc de bulunuyor. 2024 y\u0131l\u0131nda \u00c7ED s\u00fcreci devam ederken, tarihi k\u00f6pr\u00fcn\u00fcn yan\u0131 ba\u015f\u0131nda HES ve reg\u00fclat\u00f6r in\u015faat\u0131na ba\u015fland\u0131. Y\u00f6re halk\u0131 ad\u0131na Tunceli Barosu avukat\u0131 Bar\u0131\u015f Y\u0131ld\u0131r\u0131m taraf\u0131ndan Erzincan \u0130dare Mahkemesi&#x27;nde dava a\u00e7\u0131ld\u0131.<\/p>\n<p>RAPOR: YAPI EKOLOJ\u0130YE ZARAR VERD\u0130<\/p>\n<p>8&#x27;i profes\u00f6r, 1&#x27;i do\u00e7ent olmak \u00fczere 9 ki\u015filik bilirki\u015fi heyetinin b\u00f6lgede yapt\u0131\u011f\u0131 inceleme sonras\u0131 haz\u0131rlanan raporda; bal\u0131k ge\u00e7idinin i\u015flevsel olmad\u0131\u011f\u0131, yaban ke\u00e7ilerinin suya eri\u015fiminin engellendi\u011fi ve yap\u0131n\u0131n ekolojiye zarar verdi\u011fi tespit edildi. Mahkeme karar\u0131nda; \u00c7ED raporunun bilimsel ve teknik a\u00e7\u0131dan yetersiz oldu\u011fu, can suyu hesaplamalar\u0131n\u0131n hatal\u0131 yap\u0131ld\u0131\u011f\u0131 ve \u00e7evresel etkilerin yeterince ortaya konulmad\u0131\u011f\u0131 belirtildi. Ayr\u0131ca yanl\u0131\u015f \u00f6l\u00e7\u00fcm istasyonlar\u0131ndan al\u0131nan&#8230;<\/p>\n","protected":false},"excerpt":{"rendered":"<p>Tunceli&#8217;de yaban ke\u00e7isi pop\u00fclasyonunun en fazla oldu\u011fu il\u00e7e olan \u00c7emi\u015fgezek&#8217;te Ta\u011far \u00c7ay\u0131 \u00fczerinde tescilli, tarihi Yusuf Ziya Pa\u015fa K\u00f6pr\u00fcs\u00fc&#8217;n\u00fcn yan\u0131 ba\u015f\u0131na&#8230;<\/p>\n","protected":false},"author":2,"featured_media":2430,"comment_status":"open","ping_status":"open","sticky":false,"template":"","format":"standard","meta":{"footnotes":""},"categories":[8,6,5],"tags":[],"class_list":["post-2431","post","type-post","status-publish","format-standard","has-post-thumbnail","hentry","category-arsiv","category-gundem","category-son-dakika"],"_links":{"self":[{"href":"https:\/\/eskigazeteci.com\/index.php?rest_route=\/wp\/v2\/posts\/2431","targetHints":{"allow":["GET"]}}],"collection":[{"href":"https:\/\/eskigazeteci.com\/index.php?rest_route=\/wp\/v2\/posts"}],"about":[{"href":"https:\/\/eskigazeteci.com\/index.php?rest_route=\/wp\/v2\/types\/post"}],"author":[{"embeddable":true,"href":"https:\/\/eskigazeteci.com\/index.php?rest_route=\/wp\/v2\/users\/2"}],"replies":[{"embeddable":true,"href":"https:\/\/eskigazeteci.com\/index.php?rest_route=%2Fwp%2Fv2%2Fcomments&post=2431"}],"version-history":[{"count":0,"href":"https:\/\/eskigazeteci.com\/index.php?rest_route=\/wp\/v2\/posts\/2431\/revisions"}],"wp:featuredmedia":[{"embeddable":true,"href":"https:\/\/eskigazeteci.com\/index.php?rest_route=\/wp\/v2\/media\/2430"}],"wp:attachment":[{"href":"https:\/\/eskigazeteci.com\/index.php?rest_route=%2Fwp%2Fv2%2Fmedia&parent=2431"}],"wp:term":[{"taxonomy":"category","embeddable":true,"href":"https:\/\/eskigazeteci.com\/index.php?rest_route=%2Fwp%2Fv2%2Fcategories&post=2431"},{"taxonomy":"post_tag","embeddable":true,"href":"https:\/\/eskigazeteci.com\/index.php?rest_route=%2Fwp%2Fv2%2Ftags&post=2431"}],"curies":[{"name":"wp","href":"https:\/\/api.w.org\/{rel}","templated":true}]}}