{"id":2429,"date":"2026-02-20T10:41:09","date_gmt":"2026-02-20T10:41:09","guid":{"rendered":"https:\/\/eskigazeteci.com\/?p=2429"},"modified":"2026-02-20T10:41:09","modified_gmt":"2026-02-20T10:41:09","slug":"edirnede-kayboldu-iki-gun-sonra-canakkalede-bulundu","status":"publish","type":"post","link":"https:\/\/eskigazeteci.com\/?p=2429","title":{"rendered":"Edirne&#8217;de kayboldu, iki g\u00fcn sonra \u00c7anakkale&#8217;de bulundu"},"content":{"rendered":"<p>Kad\u0131k\u00f6y&#x27;de ya\u015fayan M\u00fcmin \u015eim\u015fek, \u00e7ar\u015famba g\u00fcn\u00fc ak\u015fam saatlerinde damad\u0131na &#x27;Benim yar\u0131n i\u015fim var, hayvanlar\u0131ma bak&#x27; dedikten sonra kayboldu. Cep telefonunu evde b\u0131rakan \u015eim\u015fek\u2019ten haber alamayan yak\u0131nlar\u0131, Ke\u015fan \u0130l\u00e7e Jandarma Komutanl\u0131\u011f\u0131\u2019na kay\u0131p ba\u015fvurusunda bulundu. K\u00f6ye giden \u0130l\u00e7e Jandarma Komutanl\u0131\u011f\u0131, \u0130l Afet ve Acil Durum M\u00fcd\u00fcrl\u00fc\u011f\u00fc (AFAD), Edirne Arama Kurtarma Derne\u011fi (EDAK) ekipleri ve Mahalle Afet G\u00f6n\u00fcll\u00fcleri Acil M\u00fcdahale Ekibi (MAG-AME) arama \u00e7al\u0131\u015fmas\u0131 ba\u015flatt\u0131.<\/p>\n<p>POL\u0130SE BA\u015eVURDU<\/p>\n<p>M\u00fcmin \u015eim\u015fek, bug\u00fcn \u00c7anakkale &#x27;nin Gelibolu il\u00e7esinde polise ba\u015fvurarak k\u00f6y\u00fcne d\u00f6nmek i\u00e7in yard\u0131m istedi. \u015eim\u015fek&#x27;in, \u00e7ar\u015famba g\u00fcn\u00fc k\u00f6yden \u00e7\u0131karak Koruda\u011f mevkisine kadar y\u00fcr\u00fcd\u00fc\u011f\u00fc ve daha sonra ana yola \u00e7\u0131karak durdurdu\u011fu bir ara\u00e7la Gelibolu&#x27;ya gitti\u011fi bildirildi. Gelibolu \u0130l\u00e7e Emniyet M\u00fcd\u00fcrl\u00fc\u011f\u00fc&#x27;nde ifadesi al\u0131nan \u015eim\u015fek, bir yak\u0131n\u0131 taraf\u0131ndan teslim al\u0131narak k\u00f6ye g\u00f6t\u00fcr\u00fcld\u00fc. \u015eim\u015fek&#x27;in durumunun iyi oldu\u011fu belirtildi.<\/p>\n<p>T\u00fcrkiye g\u00fcndeminden son dakika haberleri, bug\u00fcn ya\u015fanan en son geli\u015fmeler, siyaset g\u00fcndeminden g\u00fcncel haberler ve b\u00fct\u00fcn son dakika haberleri i\u00e7in H\u00fcrriyet&#x27;in internet haber sitesi hurriyet.com.tr; Hurriyet.com.tr haber i\u00e7erikleri kaynak g\u00f6sterilmeden al\u0131nt\u0131 yap\u0131lamaz, Kanuna ayk\u0131r\u0131&#8230;<\/p>\n","protected":false},"excerpt":{"rendered":"<p>Edirne&#8217;nin Ke\u015fan il\u00e7esinde hakk\u0131nda kay\u0131p ba\u015fvurusu yap\u0131lan M\u00fcmin \u015eim\u015fek (78), 2 g\u00fcn sonra \u00c7anakkale&#8217;nin Gelibolu il\u00e7esinde bulundu.<\/p>\n","protected":false},"author":2,"featured_media":2428,"comment_status":"open","ping_status":"open","sticky":false,"template":"","format":"standard","meta":{"footnotes":""},"categories":[8,6,5],"tags":[],"class_list":["post-2429","post","type-post","status-publish","format-standard","has-post-thumbnail","hentry","category-arsiv","category-gundem","category-son-dakika"],"_links":{"self":[{"href":"https:\/\/eskigazeteci.com\/index.php?rest_route=\/wp\/v2\/posts\/2429","targetHints":{"allow":["GET"]}}],"collection":[{"href":"https:\/\/eskigazeteci.com\/index.php?rest_route=\/wp\/v2\/posts"}],"about":[{"href":"https:\/\/eskigazeteci.com\/index.php?rest_route=\/wp\/v2\/types\/post"}],"author":[{"embeddable":true,"href":"https:\/\/eskigazeteci.com\/index.php?rest_route=\/wp\/v2\/users\/2"}],"replies":[{"embeddable":true,"href":"https:\/\/eskigazeteci.com\/index.php?rest_route=%2Fwp%2Fv2%2Fcomments&post=2429"}],"version-history":[{"count":0,"href":"https:\/\/eskigazeteci.com\/index.php?rest_route=\/wp\/v2\/posts\/2429\/revisions"}],"wp:featuredmedia":[{"embeddable":true,"href":"https:\/\/eskigazeteci.com\/index.php?rest_route=\/wp\/v2\/media\/2428"}],"wp:attachment":[{"href":"https:\/\/eskigazeteci.com\/index.php?rest_route=%2Fwp%2Fv2%2Fmedia&parent=2429"}],"wp:term":[{"taxonomy":"category","embeddable":true,"href":"https:\/\/eskigazeteci.com\/index.php?rest_route=%2Fwp%2Fv2%2Fcategories&post=2429"},{"taxonomy":"post_tag","embeddable":true,"href":"https:\/\/eskigazeteci.com\/index.php?rest_route=%2Fwp%2Fv2%2Ftags&post=2429"}],"curies":[{"name":"wp","href":"https:\/\/api.w.org\/{rel}","templated":true}]}}