{"id":2427,"date":"2026-02-20T10:39:37","date_gmt":"2026-02-20T10:39:37","guid":{"rendered":"https:\/\/eskigazeteci.com\/?p=2427"},"modified":"2026-02-20T10:39:37","modified_gmt":"2026-02-20T10:39:37","slug":"kraliyet-ailesinde-deprem-400-yildir-gorulen-en-buyuk-kriz-dianadan-beri-boylesi-gorulmedi","status":"publish","type":"post","link":"https:\/\/eskigazeteci.com\/?p=2427","title":{"rendered":"Kraliyet ailesinde deprem! 400 y\u0131ld\u0131r g\u00f6r\u00fclen en b\u00fcy\u00fck kriz: Diana&#8217;dan beri b\u00f6ylesi g\u00f6r\u00fclmedi"},"content":{"rendered":"<p>ABD&#x27;de re\u015fit olmayan k\u0131z \u00e7ocuklar\u0131na y\u00f6nelik fuhu\u015f a\u011f\u0131 kurdu\u011fu iddias\u0131yla yarg\u0131land\u0131\u011f\u0131 s\u0131rada hapishanede \u00f6l\u00fc bulunan Jeffrey Epstein ile ba\u011flant\u0131s\u0131 ortaya \u00e7\u0131kan eski Prens Andrew Mountbatten-Windsor, d\u00fcn \u0130ngiltere polisi taraf\u0131ndan Sandringham&#x27;daki evinde g\u00f6zalt\u0131na al\u0131nd\u0131.<\/p>\n<p>66 ya\u015f\u0131ndaki eski prensin g\u00f6zalt\u0131na al\u0131nmas\u0131na ili\u015fkin polis taraf\u0131ndan yap\u0131lan a\u00e7\u0131klamada, &quot;Kapsaml\u0131 de\u011ferlendirmenin ard\u0131ndan, kamu g\u00f6revinde suistimal iddias\u0131yla ilgili soru\u015fturma ba\u015flatt\u0131k&quot; ifadesi kullan\u0131ld\u0131.<\/p>\n<p>Andrew&#x27;&#x27;un g\u00f6zalt\u0131na al\u0131nmas\u0131n\u0131n ard\u0131ndan Kral Charles, &quot;Andrew Mountbatten-Windsor hakk\u0131nda kamu g\u00f6revinde suistimal \u015f\u00fcphesine ili\u015fkin haberleri derin bir endi\u015feyle \u00f6\u011frendim. Bu konunun, ilgili makamlar taraf\u0131ndan uygun \u015fekilde soru\u015fturulabilmesi i\u00e7in bundan sonra tam, adil ve usul\u00fcne uygun bir s\u00fcrecin i\u015fletilece\u011fini belirtmek isterim&quot; dedi ve &quot;Hukukun gere\u011fi mutlaka yerine getirilmelidir&quot; s\u00f6zlerini a\u00e7\u0131klamas\u0131na ekledi.<\/p>\n<p>66. do\u011fum g\u00fcn\u00fcnde g\u00f6zalt\u0131na al\u0131nan eski Prens Andrew , 11 saat s\u00fcren polis g\u00f6zetiminde kalmas\u0131n\u0131n ard\u0131ndan serbest b\u0131rak\u0131ld\u0131.<\/p>\n<p>SARAY \u00d6NCEDEN B\u0130LG\u0130LEND\u0130R\u0130LMED\u0130<\/p>\n<p>Daily Mail gazetesinde yer alan habere g\u00f6re, ne Kral\u2019\u0131n ne de Buckingham Saray\u0131\u2019n\u0131n operasyon \u00f6ncesinde&#8230;<\/p>\n","protected":false},"excerpt":{"rendered":"<p>ABD&#8217;li milyarder Jeffrey Epstein ba\u011flant\u0131s\u0131 nedeniyle kamu g\u00f6revinde suistimal iddias\u0131yla g\u00f6zalt\u0131na al\u0131nan eski Prens Andrew, 11 saat s\u00fcren sorgunun ard\u0131ndan&#8230;<\/p>\n","protected":false},"author":2,"featured_media":2426,"comment_status":"open","ping_status":"open","sticky":false,"template":"","format":"standard","meta":{"footnotes":""},"categories":[8,6,5],"tags":[],"class_list":["post-2427","post","type-post","status-publish","format-standard","has-post-thumbnail","hentry","category-arsiv","category-gundem","category-son-dakika"],"_links":{"self":[{"href":"https:\/\/eskigazeteci.com\/index.php?rest_route=\/wp\/v2\/posts\/2427","targetHints":{"allow":["GET"]}}],"collection":[{"href":"https:\/\/eskigazeteci.com\/index.php?rest_route=\/wp\/v2\/posts"}],"about":[{"href":"https:\/\/eskigazeteci.com\/index.php?rest_route=\/wp\/v2\/types\/post"}],"author":[{"embeddable":true,"href":"https:\/\/eskigazeteci.com\/index.php?rest_route=\/wp\/v2\/users\/2"}],"replies":[{"embeddable":true,"href":"https:\/\/eskigazeteci.com\/index.php?rest_route=%2Fwp%2Fv2%2Fcomments&post=2427"}],"version-history":[{"count":0,"href":"https:\/\/eskigazeteci.com\/index.php?rest_route=\/wp\/v2\/posts\/2427\/revisions"}],"wp:featuredmedia":[{"embeddable":true,"href":"https:\/\/eskigazeteci.com\/index.php?rest_route=\/wp\/v2\/media\/2426"}],"wp:attachment":[{"href":"https:\/\/eskigazeteci.com\/index.php?rest_route=%2Fwp%2Fv2%2Fmedia&parent=2427"}],"wp:term":[{"taxonomy":"category","embeddable":true,"href":"https:\/\/eskigazeteci.com\/index.php?rest_route=%2Fwp%2Fv2%2Fcategories&post=2427"},{"taxonomy":"post_tag","embeddable":true,"href":"https:\/\/eskigazeteci.com\/index.php?rest_route=%2Fwp%2Fv2%2Ftags&post=2427"}],"curies":[{"name":"wp","href":"https:\/\/api.w.org\/{rel}","templated":true}]}}