{"id":2423,"date":"2026-02-20T10:29:36","date_gmt":"2026-02-20T10:29:36","guid":{"rendered":"https:\/\/eskigazeteci.com\/?p=2423"},"modified":"2026-02-20T10:29:36","modified_gmt":"2026-02-20T10:29:36","slug":"diyarbakirda-okulda-civa-zehirlenmesi-suphesi-bazi-ogrenciler-hastaneye-kaldirildi","status":"publish","type":"post","link":"https:\/\/eskigazeteci.com\/?p=2423","title":{"rendered":"Diyarbak\u0131r\u2019da okulda c\u0131va zehirlenmesi \u015f\u00fcphesi! Baz\u0131 \u00f6\u011frenciler hastaneye kald\u0131r\u0131ld\u0131"},"content":{"rendered":"<p>Diyarbak\u0131r\u2019da bir ortaokulda c\u0131va zehirlenmesi \u015f\u00fcphesiyle bir\u00e7ok \u00f6\u011frenci rahats\u0131zlanarak hastaneye kald\u0131r\u0131ld\u0131. B\u00f6lgeye AFAD ve sa\u011fl\u0131k ekipleri sevk edildi.<\/p>\n","protected":false},"excerpt":{"rendered":"<p>Diyarbak\u0131r\u2019da bir ortaokulda c\u0131va zehirlenmesi \u015f\u00fcphesiyle bir\u00e7ok \u00f6\u011frenci rahats\u0131zlanarak hastaneye kald\u0131r\u0131ld\u0131. B\u00f6lgeye AFAD ve sa\u011fl\u0131k ekipleri sevk edildi.<\/p>\n","protected":false},"author":2,"featured_media":2422,"comment_status":"open","ping_status":"open","sticky":false,"template":"","format":"standard","meta":{"footnotes":""},"categories":[8,6,5],"tags":[],"class_list":["post-2423","post","type-post","status-publish","format-standard","has-post-thumbnail","hentry","category-arsiv","category-gundem","category-son-dakika"],"_links":{"self":[{"href":"https:\/\/eskigazeteci.com\/index.php?rest_route=\/wp\/v2\/posts\/2423","targetHints":{"allow":["GET"]}}],"collection":[{"href":"https:\/\/eskigazeteci.com\/index.php?rest_route=\/wp\/v2\/posts"}],"about":[{"href":"https:\/\/eskigazeteci.com\/index.php?rest_route=\/wp\/v2\/types\/post"}],"author":[{"embeddable":true,"href":"https:\/\/eskigazeteci.com\/index.php?rest_route=\/wp\/v2\/users\/2"}],"replies":[{"embeddable":true,"href":"https:\/\/eskigazeteci.com\/index.php?rest_route=%2Fwp%2Fv2%2Fcomments&post=2423"}],"version-history":[{"count":0,"href":"https:\/\/eskigazeteci.com\/index.php?rest_route=\/wp\/v2\/posts\/2423\/revisions"}],"wp:featuredmedia":[{"embeddable":true,"href":"https:\/\/eskigazeteci.com\/index.php?rest_route=\/wp\/v2\/media\/2422"}],"wp:attachment":[{"href":"https:\/\/eskigazeteci.com\/index.php?rest_route=%2Fwp%2Fv2%2Fmedia&parent=2423"}],"wp:term":[{"taxonomy":"category","embeddable":true,"href":"https:\/\/eskigazeteci.com\/index.php?rest_route=%2Fwp%2Fv2%2Fcategories&post=2423"},{"taxonomy":"post_tag","embeddable":true,"href":"https:\/\/eskigazeteci.com\/index.php?rest_route=%2Fwp%2Fv2%2Ftags&post=2423"}],"curies":[{"name":"wp","href":"https:\/\/api.w.org\/{rel}","templated":true}]}}