{"id":242,"date":"2026-02-09T09:53:41","date_gmt":"2026-02-09T09:53:41","guid":{"rendered":"https:\/\/eskigazeteci.com\/?p=242"},"modified":"2026-02-09T09:53:41","modified_gmt":"2026-02-09T09:53:41","slug":"haber-96","status":"publish","type":"post","link":"https:\/\/eskigazeteci.com\/?p=242","title":{"rendered":"Haber"},"content":{"rendered":"<p>Venezuela&#x27;daki insan haklar\u0131 \u00f6rg\u00fct\u00fc Foro Penal&#x27;in y\u00f6neticisi Alfredo Romero, cezaevlerinden serbest b\u0131rak\u0131lan siyasi tutuklular\u0131n oldu\u011funu aktard\u0131.<\/p>\n<p>Romero, ge\u00e7ici h\u00fck\u00fcmet yetkililerinin, d\u00fcn en az 35 siyasi tutukluyu serbest b\u0131rakt\u0131\u011f\u0131n\u0131 duyurdu. Ge\u00e7ici h\u00fck\u00fcmetten konuya ili\u015fkin resmi a\u00e7\u0131klama yap\u0131lmad\u0131.<\/p>\n<p>The New York Times gazetesinin haberine g\u00f6re, serbest b\u0131rak\u0131lanlar aras\u0131nda Juan Pablo Guanipa ve Perkins Rocha gibi muhalif isimler yer ald\u0131.<\/p>\n<p>Ge\u00e7ici h\u00fck\u00fcmet , 24 Ocak&#x27;ta Venezuela&#x27;da tutuklu bulunan baz\u0131 ABD vatanda\u015flar\u0131n\u0131 ve en az 80 siyasi tutukluyu serbest b\u0131rakm\u0131\u015ft\u0131.<\/p>\n<p>VENEZUELA&#x27;DAK\u0130 S\u0130YAS\u0130 TUTUKLULAR<\/p>\n<p>Venezuela&#x27;da Nicolas Maduro y\u00f6netimi d\u00f6neminde, ABD ile y\u00fcr\u00fct\u00fclen m\u00fczakereler kapsam\u0131nda g\u00fcndeme gelen ve ter\u00f6r ile casusluk gibi su\u00e7lamalar y\u00f6neltilen yabanc\u0131 uyruklu tutuklular\u0131n cezaevlerinde tutulduklar\u0131 biliniyordu.<\/p>\n<p>ABD Ba\u015fkan\u0131 Donald Trump, siyasi tutuklular\u0131n serbest b\u0131rak\u0131lmas\u0131na ili\u015fkin giri\u015fimlerde bulunmu\u015f ve ge\u00e7en y\u0131l bu kapsamda \u00f6zel temsilcisi Richard Grenell&#x27;i Venezuela&#x27;ya g\u00f6ndermi\u015fti. G\u00f6zalt\u0131na al\u0131nan 20&#x27;den fazla ABD vatanda\u015f\u0131 yaz aylar\u0131na kadar serbest b\u0131rak\u0131lm\u0131\u015ft\u0131.<\/p>\n<p>Trump y\u00f6netiminin Venezuela h\u00fck\u00fcmetine y\u00f6nelik askeri ve ekonomik bask\u0131y\u0131 art\u0131rd\u0131\u011f\u0131 sonraki aylarda, \u00fclkede birka\u00e7 ABD vatanda\u015f\u0131 daha g\u00f6zalt\u0131na al\u0131nm\u0131\u015ft\u0131.<\/p>\n<p>Yurtd\u0131\u015f\u0131nda ya\u015fanan en son olaylar, d\u00fcnya g\u00fcndemine oturan d\u0131\u015f haberler, son dakika d\u00fcnya haberleri, di\u011fer d\u00fcnya \u00fclkelerinden g\u00fcncel haberler i\u00e7in T\u00fcrkiye&#x27;nin haber sitesi hurriyet.com.tr; Hurriyet.com.tr haber i\u00e7erikleri kaynak g\u00f6sterilmeden al\u0131nt\u0131 yap\u0131lamaz, Kanuna ayk\u0131r\u0131 ve izinsiz olarak kopyalanamaz, ba\u015fka yerde yay\u0131nlanamaz.<\/p>\n","protected":false},"excerpt":{"rendered":"<p>Venezuela&#8217;daki insan haklar\u0131 grubu, ABD&#8217;nin Venezuela Devlet Ba\u015fkan\u0131 Nicolas Maduro ve e\u015fini hedef alan askeri m\u00fcdahalesinin ard\u0131ndan g\u00f6reve gelen ge\u00e7ici&#8230;<\/p>\n","protected":false},"author":2,"featured_media":241,"comment_status":"open","ping_status":"open","sticky":false,"template":"","format":"standard","meta":{"footnotes":""},"categories":[8,3],"tags":[],"class_list":["post-242","post","type-post","status-publish","format-standard","has-post-thumbnail","hentry","category-arsiv","category-siyaset"],"_links":{"self":[{"href":"https:\/\/eskigazeteci.com\/index.php?rest_route=\/wp\/v2\/posts\/242","targetHints":{"allow":["GET"]}}],"collection":[{"href":"https:\/\/eskigazeteci.com\/index.php?rest_route=\/wp\/v2\/posts"}],"about":[{"href":"https:\/\/eskigazeteci.com\/index.php?rest_route=\/wp\/v2\/types\/post"}],"author":[{"embeddable":true,"href":"https:\/\/eskigazeteci.com\/index.php?rest_route=\/wp\/v2\/users\/2"}],"replies":[{"embeddable":true,"href":"https:\/\/eskigazeteci.com\/index.php?rest_route=%2Fwp%2Fv2%2Fcomments&post=242"}],"version-history":[{"count":0,"href":"https:\/\/eskigazeteci.com\/index.php?rest_route=\/wp\/v2\/posts\/242\/revisions"}],"wp:featuredmedia":[{"embeddable":true,"href":"https:\/\/eskigazeteci.com\/index.php?rest_route=\/wp\/v2\/media\/241"}],"wp:attachment":[{"href":"https:\/\/eskigazeteci.com\/index.php?rest_route=%2Fwp%2Fv2%2Fmedia&parent=242"}],"wp:term":[{"taxonomy":"category","embeddable":true,"href":"https:\/\/eskigazeteci.com\/index.php?rest_route=%2Fwp%2Fv2%2Fcategories&post=242"},{"taxonomy":"post_tag","embeddable":true,"href":"https:\/\/eskigazeteci.com\/index.php?rest_route=%2Fwp%2Fv2%2Ftags&post=242"}],"curies":[{"name":"wp","href":"https:\/\/api.w.org\/{rel}","templated":true}]}}