{"id":2419,"date":"2026-02-20T10:09:38","date_gmt":"2026-02-20T10:09:38","guid":{"rendered":"https:\/\/eskigazeteci.com\/?p=2419"},"modified":"2026-02-20T10:09:38","modified_gmt":"2026-02-20T10:09:38","slug":"cesme-belediye-baskani-lal-denizli-ifadeye-geldi","status":"publish","type":"post","link":"https:\/\/eskigazeteci.com\/?p=2419","title":{"rendered":"\u00c7e\u015fme Belediye Ba\u015fkan\u0131 Lal Denizli, ifadeye geldi"},"content":{"rendered":"<p>\u0130stanbul Cumhuriyet Ba\u015fsavc\u0131l\u0131\u011f\u0131\u2019n\u0131n \u00fcnl\u00fclere y\u00f6nelik uyu\u015fturucu ve fuhu\u015f iddias\u0131yla y\u00fcr\u00fctt\u00fc\u011f\u00fc soru\u015fturma kapsam\u0131nda, \u00c7e\u015fme Belediye Ba\u015fkan\u0131 Lal Denizli de dosyaya \u201c\u015f\u00fcpheli\u201d s\u0131fat\u0131yla dahil edildi. \u201cUyu\u015fturucu kullan\u0131m\u0131na yer temin etmek\u201d ve \u201cuyu\u015fturucu kullanmak\u201d su\u00e7lamalar\u0131 y\u00f6neltilen Denizli, 16 \u015eubat\u2019ta \u0130stanbul Cumhuriyet Ba\u015fsavc\u0131l\u0131\u011f\u0131 taraf\u0131ndan ifadeye davet edilmi\u015fti.<\/p>\n<p>ADL\u0130YEYE GELD\u0130<\/p>\n<p>Denizli, davet \u00fczerine ifade vermek i\u00e7in avukat\u0131yla birlikte \u00c7a\u011flayan\u2019daki \u0130stanbul Adalet Saray\u0131\u2019na geldi.<\/p>\n<p>T\u00fcrkiye g\u00fcndeminden son dakika haberleri, bug\u00fcn ya\u015fanan en son geli\u015fmeler, siyaset g\u00fcndeminden g\u00fcncel haberler ve b\u00fct\u00fcn son dakika haberleri i\u00e7in H\u00fcrriyet&#x27;in internet haber sitesi hurriyet.com.tr; Hurriyet.com.tr haber i\u00e7erikleri kaynak g\u00f6sterilmeden al\u0131nt\u0131 yap\u0131lamaz, Kanuna ayk\u0131r\u0131 ve izinsiz olarak kopyalanamaz, ba\u015fka yerde yay\u0131nlanamaz.<\/p>\n","protected":false},"excerpt":{"rendered":"<p>\u00dcnl\u00fclere y\u00f6nelik uyu\u015fturucu ve fuhu\u015f iddias\u0131yla y\u00fcr\u00fct\u00fclen soru\u015fturma kapsam\u0131nda \u201c\u015f\u00fcpheli\u201d s\u0131fat\u0131yla ifadeye \u00e7a\u011fr\u0131lan \u00c7e\u015fme Belediye Ba\u015fkan\u0131 Lal Denizli,&#8230;<\/p>\n","protected":false},"author":2,"featured_media":2418,"comment_status":"open","ping_status":"open","sticky":false,"template":"","format":"standard","meta":{"footnotes":""},"categories":[8,6,5],"tags":[],"class_list":["post-2419","post","type-post","status-publish","format-standard","has-post-thumbnail","hentry","category-arsiv","category-gundem","category-son-dakika"],"_links":{"self":[{"href":"https:\/\/eskigazeteci.com\/index.php?rest_route=\/wp\/v2\/posts\/2419","targetHints":{"allow":["GET"]}}],"collection":[{"href":"https:\/\/eskigazeteci.com\/index.php?rest_route=\/wp\/v2\/posts"}],"about":[{"href":"https:\/\/eskigazeteci.com\/index.php?rest_route=\/wp\/v2\/types\/post"}],"author":[{"embeddable":true,"href":"https:\/\/eskigazeteci.com\/index.php?rest_route=\/wp\/v2\/users\/2"}],"replies":[{"embeddable":true,"href":"https:\/\/eskigazeteci.com\/index.php?rest_route=%2Fwp%2Fv2%2Fcomments&post=2419"}],"version-history":[{"count":0,"href":"https:\/\/eskigazeteci.com\/index.php?rest_route=\/wp\/v2\/posts\/2419\/revisions"}],"wp:featuredmedia":[{"embeddable":true,"href":"https:\/\/eskigazeteci.com\/index.php?rest_route=\/wp\/v2\/media\/2418"}],"wp:attachment":[{"href":"https:\/\/eskigazeteci.com\/index.php?rest_route=%2Fwp%2Fv2%2Fmedia&parent=2419"}],"wp:term":[{"taxonomy":"category","embeddable":true,"href":"https:\/\/eskigazeteci.com\/index.php?rest_route=%2Fwp%2Fv2%2Fcategories&post=2419"},{"taxonomy":"post_tag","embeddable":true,"href":"https:\/\/eskigazeteci.com\/index.php?rest_route=%2Fwp%2Fv2%2Ftags&post=2419"}],"curies":[{"name":"wp","href":"https:\/\/api.w.org\/{rel}","templated":true}]}}