{"id":2415,"date":"2026-02-20T09:59:35","date_gmt":"2026-02-20T09:59:35","guid":{"rendered":"https:\/\/eskigazeteci.com\/?p=2415"},"modified":"2026-02-20T09:59:35","modified_gmt":"2026-02-20T09:59:35","slug":"cumhurbaskani-yardimcisi-cevdet-yilmaz-ile-iftar-sohbeti","status":"publish","type":"post","link":"https:\/\/eskigazeteci.com\/?p=2415","title":{"rendered":"Cumhurba\u015fkan\u0131 Yard\u0131mc\u0131s\u0131 Cevdet Y\u0131lmaz ile iftar sohbeti"},"content":{"rendered":"<p>\u00c7OK \u00d6ZEL KONUKLAR<\/p>\n<p>Cumhurba\u015fkanl\u0131\u011f\u0131 K\u00fclliyesi Be\u015ftepe Millet Camii avlusunda kurulan cam st\u00fcdyodan ger\u00e7ekle\u015ftirilen \u201cBir Ramazan Ak\u015fam\u0131\u201d yay\u0131nlar\u0131nda, ramazan\u0131n ruhunu ve \u0130slam\u2019\u0131n faziletlerini yans\u0131tan sohbetlere yer verilecek. Programa ramazan s\u00fcresince k\u00fclt\u00fcr-sanat d\u00fcnyas\u0131ndan \u00fcnl\u00fc isimler, akademisyenler, STK temsilcileri ve T\u00fcrkiye\u2019de ikamet eden m\u00fchtediler kat\u0131lacak.<\/p>\n<p>K\u00dcLL\u0130YE\u2019DE RAMAZAN<\/p>\n<p>Ge\u00e7mi\u015fin ramazan hat\u0131ralar\u0131n\u0131 bug\u00fcne ta\u015f\u0131yacak programda, Cumhurba\u015fkanl\u0131\u011f\u0131 K\u00fclliyesi\u2019nde ramazan boyunca her g\u00fcn d\u00fczenlenecek \u201cK\u00fclliye\u2019de Ramazan Etkinlikleri\u201d de yer alacak. T\u00fcrkiye\u2019deki tarihi camilerden canl\u0131 ba\u011flant\u0131lar yap\u0131larak ramazan atmosferi izleyiciye aktar\u0131lacak.<\/p>\n<p>\u201c Bir Ramazan Ak\u015fam\u0131 \u201d, bug\u00fcn saat 18.00\u2019de canl\u0131 yay\u0131nla Kanal D \u2019de olacak.<\/p>\n<p>T\u00fcrkiye g\u00fcndeminden son dakika haberleri, bug\u00fcn ya\u015fanan en son geli\u015fmeler, siyaset g\u00fcndeminden g\u00fcncel haberler ve b\u00fct\u00fcn son dakika haberleri i\u00e7in H\u00fcrriyet&#x27;in internet haber sitesi hurriyet.com.tr; Hurriyet.com.tr haber i\u00e7erikleri kaynak g\u00f6sterilmeden al\u0131nt\u0131 yap\u0131lamaz, Kanuna ayk\u0131r\u0131 ve izinsiz olarak kopyalanamaz, ba\u015fka yerde yay\u0131nlanamaz.<\/p>\n","protected":false},"excerpt":{"rendered":"<p>Ramazan-\u0131 \u015eerif\u2019in manevi atmosferi \u201cBir Ramazan Ak\u015fam\u0131\u201d ile Kanal D ekranlar\u0131nda ya\u015fan\u0131yor. Ramazan boyunca her g\u00fcn iftar saatinde canl\u0131 yay\u0131nlanacak olan&#8230;<\/p>\n","protected":false},"author":2,"featured_media":2414,"comment_status":"open","ping_status":"open","sticky":false,"template":"","format":"standard","meta":{"footnotes":""},"categories":[8,6,5],"tags":[],"class_list":["post-2415","post","type-post","status-publish","format-standard","has-post-thumbnail","hentry","category-arsiv","category-gundem","category-son-dakika"],"_links":{"self":[{"href":"https:\/\/eskigazeteci.com\/index.php?rest_route=\/wp\/v2\/posts\/2415","targetHints":{"allow":["GET"]}}],"collection":[{"href":"https:\/\/eskigazeteci.com\/index.php?rest_route=\/wp\/v2\/posts"}],"about":[{"href":"https:\/\/eskigazeteci.com\/index.php?rest_route=\/wp\/v2\/types\/post"}],"author":[{"embeddable":true,"href":"https:\/\/eskigazeteci.com\/index.php?rest_route=\/wp\/v2\/users\/2"}],"replies":[{"embeddable":true,"href":"https:\/\/eskigazeteci.com\/index.php?rest_route=%2Fwp%2Fv2%2Fcomments&post=2415"}],"version-history":[{"count":0,"href":"https:\/\/eskigazeteci.com\/index.php?rest_route=\/wp\/v2\/posts\/2415\/revisions"}],"wp:featuredmedia":[{"embeddable":true,"href":"https:\/\/eskigazeteci.com\/index.php?rest_route=\/wp\/v2\/media\/2414"}],"wp:attachment":[{"href":"https:\/\/eskigazeteci.com\/index.php?rest_route=%2Fwp%2Fv2%2Fmedia&parent=2415"}],"wp:term":[{"taxonomy":"category","embeddable":true,"href":"https:\/\/eskigazeteci.com\/index.php?rest_route=%2Fwp%2Fv2%2Fcategories&post=2415"},{"taxonomy":"post_tag","embeddable":true,"href":"https:\/\/eskigazeteci.com\/index.php?rest_route=%2Fwp%2Fv2%2Ftags&post=2415"}],"curies":[{"name":"wp","href":"https:\/\/api.w.org\/{rel}","templated":true}]}}