{"id":2413,"date":"2026-02-20T09:58:00","date_gmt":"2026-02-20T09:58:00","guid":{"rendered":"https:\/\/eskigazeteci.com\/?p=2413"},"modified":"2026-02-20T09:58:00","modified_gmt":"2026-02-20T09:58:00","slug":"yunan-taraftarlarin-besiktas-macinda-actigi-irkci-pankartin-cezasi-belli-oldu","status":"publish","type":"post","link":"https:\/\/eskigazeteci.com\/?p=2413","title":{"rendered":"Yunan taraftarlar\u0131n Be\u015fikta\u015f ma\u00e7\u0131nda a\u00e7t\u0131\u011f\u0131 \u0131rk\u00e7\u0131 pankart\u0131n cezas\u0131 belli oldu!"},"content":{"rendered":"<p>EuroLeague, grup etab\u0131n\u0131n 18. ve son haftas\u0131nda oynanan ma\u00e7ta &quot;Yunan taraftarlar\u0131n ger\u00e7ekle\u015ftirdi\u011fi sald\u0131rgan davran\u0131\u015flar&quot; nedeniyle Panionios&#x27;a 4 bin euro para cezas\u0131 vermekle yetindi.<\/p>\n<p>Be\u015fikta\u015f GA\u0130N&#x27;in Yunanistan&#x27;\u0131n Panionios tak\u0131m\u0131na konuk oldu\u011fu ma\u00e7ta Yunan taraftarlar; Be\u015fikta\u015f ve T\u00fcrk polisine y\u00f6nelik T\u00fcrk\u00e7e k\u00fcf\u00fcr ve hakaret i\u00e7eren \u0131rk\u00e7\u0131 bir pankart a\u00e7m\u0131\u015ft\u0131.<\/p>\n<p>Skandal pankart, ba\u015fta Be\u015fikta\u015f Kul\u00fcb\u00fc olmak \u00fczere spor kamuoyunda b\u00fcy\u00fck tepkiyle kar\u015f\u0131lanm\u0131\u015ft\u0131.<\/p>\n<p>EuroCup B Grubu 18. ve son haftas\u0131nda Be\u015fikta\u015f GA\u0130N, konuk oldu\u011fu Panionios &#x27;u 40 say\u0131 farkla 114-74 yenmi\u015fti.<\/p>\n<p>T\u00fcrkiye&#x27;den ve D\u00fcnya\u2019dan son dakika haberleri, k\u00f6\u015fe yaz\u0131lar\u0131, magazinden siyasete, spordan seyahate b\u00fct\u00fcn konular\u0131n tek adresi Hurriyet.com.tr haber i\u00e7erikleri izin al\u0131nmadan, kaynak g\u00f6sterilerek dahi iktibas edilemez. Kanuna ayk\u0131r\u0131 ve izinsiz olarak kopyalanamaz, ba\u015fka yerde yay\u0131nlanamaz.<\/p>\n","protected":false},"excerpt":{"rendered":"<p>EuroCup&#8217;taki Panionios-Be\u015fikta\u015f GA\u0130N ma\u00e7\u0131nda Yunan taraftarlar\u0131n a\u00e7t\u0131\u011f\u0131 k\u00fcf\u00fcr ve hakaret i\u00e7erikli \u0131rk\u00e7\u0131 pankart\u0131, EuroLeague y\u00f6netimi ufak miktarl\u0131 para&#8230;<\/p>\n","protected":false},"author":2,"featured_media":2412,"comment_status":"open","ping_status":"open","sticky":false,"template":"","format":"standard","meta":{"footnotes":""},"categories":[8,5,7],"tags":[],"class_list":["post-2413","post","type-post","status-publish","format-standard","has-post-thumbnail","hentry","category-arsiv","category-son-dakika","category-spor"],"_links":{"self":[{"href":"https:\/\/eskigazeteci.com\/index.php?rest_route=\/wp\/v2\/posts\/2413","targetHints":{"allow":["GET"]}}],"collection":[{"href":"https:\/\/eskigazeteci.com\/index.php?rest_route=\/wp\/v2\/posts"}],"about":[{"href":"https:\/\/eskigazeteci.com\/index.php?rest_route=\/wp\/v2\/types\/post"}],"author":[{"embeddable":true,"href":"https:\/\/eskigazeteci.com\/index.php?rest_route=\/wp\/v2\/users\/2"}],"replies":[{"embeddable":true,"href":"https:\/\/eskigazeteci.com\/index.php?rest_route=%2Fwp%2Fv2%2Fcomments&post=2413"}],"version-history":[{"count":0,"href":"https:\/\/eskigazeteci.com\/index.php?rest_route=\/wp\/v2\/posts\/2413\/revisions"}],"wp:featuredmedia":[{"embeddable":true,"href":"https:\/\/eskigazeteci.com\/index.php?rest_route=\/wp\/v2\/media\/2412"}],"wp:attachment":[{"href":"https:\/\/eskigazeteci.com\/index.php?rest_route=%2Fwp%2Fv2%2Fmedia&parent=2413"}],"wp:term":[{"taxonomy":"category","embeddable":true,"href":"https:\/\/eskigazeteci.com\/index.php?rest_route=%2Fwp%2Fv2%2Fcategories&post=2413"},{"taxonomy":"post_tag","embeddable":true,"href":"https:\/\/eskigazeteci.com\/index.php?rest_route=%2Fwp%2Fv2%2Ftags&post=2413"}],"curies":[{"name":"wp","href":"https:\/\/api.w.org\/{rel}","templated":true}]}}