{"id":2411,"date":"2026-02-20T09:48:02","date_gmt":"2026-02-20T09:48:02","guid":{"rendered":"https:\/\/eskigazeteci.com\/?p=2411"},"modified":"2026-02-20T09:48:02","modified_gmt":"2026-02-20T09:48:02","slug":"bursluluk-sinavi-ne-zaman-yapilacak-2026-iokbs-basvurulari-hangi-tarihte-bitiyor","status":"publish","type":"post","link":"https:\/\/eskigazeteci.com\/?p=2411","title":{"rendered":"Bursluluk s\u0131nav\u0131 ne zaman yap\u0131lacak? 2026 \u0130OKBS ba\u015fvurular\u0131 hangi tarihte bitiyor?"},"content":{"rendered":"<p>OKBS Bursluluk S\u0131nav\u0131 ba\u015fvuru ve s\u0131nav takvimi yay\u0131nland\u0131. Ortaokul ve orta\u00f6\u011fretim \u00f6\u011frencileri taraf\u0131ndan yak\u0131nda takip edilen 2026 \u0130OKBS s\u0131nav tarihi de netlik kazand\u0131. Resmi ve \u00f6zel ortaokullar ile orta\u00f6\u011fretim kurumlar\u0131nda \u00f6\u011frenim g\u00f6ren \u00f6\u011frencilerin kat\u0131labilece\u011fi s\u0131nav, Nisan ay\u0131nda ger\u00e7ekle\u015ftirilecek. K\u0131lavuza g\u00f6re s\u0131nava ortaokullar\u0131n 5., 6., 7. ve 8\u2019inci s\u0131n\u0131flar\u0131 ile orta\u00f6\u011fretim kurumlar\u0131n\u0131n haz\u0131rl\u0131k, 9., 10. ve 11\u2019inci s\u0131n\u0131f \u00f6\u011frencileri ba\u015fvurabilecek. Peki bursluluk s\u0131nav\u0131 ne zaman, ba\u015fvuru \u015fartlar\u0131 neler? \u0130OKBS ba\u015fvurular\u0131 ne zaman bitiyor?<\/p>\n<p>Bursluluk s\u0131nav\u0131 tarihi MEB taraf\u0131ndan yay\u0131nlanan 2026 Y\u0131l\u0131 S\u0131nav Uygulama Takvimi ile a\u00e7\u0131kland\u0131. \u0130lk\u00f6\u011fretim ve Orta\u00f6\u011fretim Kurumlar\u0131 Bursluluk S\u0131nav\u0131 (5, 6, 7, 8, 9, 10, 11. S\u0131n\u0131flar ve Haz\u0131rl\u0131k S\u0131n\u0131f\u0131) 2026\/\u0130OKBS s\u0131nav\u0131 26 Nisan Pazar g\u00fcn\u00fc saat 10.00\u2019da ger\u00e7ekle\u015ftirilecek.<\/p>\n<p>Bursluluk s\u0131nav\u0131 tarihi MEB taraf\u0131ndan yay\u0131nlanan 2026 Y\u0131l\u0131 S\u0131nav Uygulama Takvimi ile a\u00e7\u0131kland\u0131.<\/p>\n<p>\u0130lk\u00f6\u011fretim ve Orta\u00f6\u011fretim Kurumlar\u0131 Bursluluk S\u0131nav\u0131 (5, 6, 7, 8, 9, 10, 11. S\u0131n\u0131flar ve Haz\u0131rl\u0131k S\u0131n\u0131f\u0131) 2026\/\u0130OKBS s\u0131nav\u0131 26 Nisan Pazar g\u00fcn\u00fc saat 10.00\u2019da ger\u00e7ekle\u015ftirilecek.<\/p>\n<p>\u0130lk\u00f6\u011fretim ve Orta\u00f6\u011fretim Kurumlar\u0131 Bursluluk S\u0131nav\u0131 i\u00e7in ba\u015fvurular, 9 \u015eubat-11 Mart&#8230;<\/p>\n","protected":false},"excerpt":{"rendered":"<p>Bursluluk s\u0131nav\u0131 2026 takvimi, Milli E\u011fitim Bakanl\u0131\u011f\u0131 taraf\u0131ndan payla\u015f\u0131ld\u0131. MEB taraf\u0131ndan d\u00fczenlenen \u0130lk\u00f6\u011fretim ve Orta\u00f6\u011fretim Kurumlar\u0131 Bursluluk S\u0131nav\u0131&#8230;<\/p>\n","protected":false},"author":2,"featured_media":2410,"comment_status":"open","ping_status":"open","sticky":false,"template":"","format":"standard","meta":{"footnotes":""},"categories":[8,6,5],"tags":[],"class_list":["post-2411","post","type-post","status-publish","format-standard","has-post-thumbnail","hentry","category-arsiv","category-gundem","category-son-dakika"],"_links":{"self":[{"href":"https:\/\/eskigazeteci.com\/index.php?rest_route=\/wp\/v2\/posts\/2411","targetHints":{"allow":["GET"]}}],"collection":[{"href":"https:\/\/eskigazeteci.com\/index.php?rest_route=\/wp\/v2\/posts"}],"about":[{"href":"https:\/\/eskigazeteci.com\/index.php?rest_route=\/wp\/v2\/types\/post"}],"author":[{"embeddable":true,"href":"https:\/\/eskigazeteci.com\/index.php?rest_route=\/wp\/v2\/users\/2"}],"replies":[{"embeddable":true,"href":"https:\/\/eskigazeteci.com\/index.php?rest_route=%2Fwp%2Fv2%2Fcomments&post=2411"}],"version-history":[{"count":0,"href":"https:\/\/eskigazeteci.com\/index.php?rest_route=\/wp\/v2\/posts\/2411\/revisions"}],"wp:featuredmedia":[{"embeddable":true,"href":"https:\/\/eskigazeteci.com\/index.php?rest_route=\/wp\/v2\/media\/2410"}],"wp:attachment":[{"href":"https:\/\/eskigazeteci.com\/index.php?rest_route=%2Fwp%2Fv2%2Fmedia&parent=2411"}],"wp:term":[{"taxonomy":"category","embeddable":true,"href":"https:\/\/eskigazeteci.com\/index.php?rest_route=%2Fwp%2Fv2%2Fcategories&post=2411"},{"taxonomy":"post_tag","embeddable":true,"href":"https:\/\/eskigazeteci.com\/index.php?rest_route=%2Fwp%2Fv2%2Ftags&post=2411"}],"curies":[{"name":"wp","href":"https:\/\/api.w.org\/{rel}","templated":true}]}}