{"id":2409,"date":"2026-02-20T09:41:05","date_gmt":"2026-02-20T09:41:05","guid":{"rendered":"https:\/\/eskigazeteci.com\/?p=2409"},"modified":"2026-02-20T09:41:05","modified_gmt":"2026-02-20T09:41:05","slug":"bakan-ciftci-turkiye-dunyanin-en-buyuk-toplu-konut-seferberligini-gerceklestirmistir","status":"publish","type":"post","link":"https:\/\/eskigazeteci.com\/?p=2409","title":{"rendered":"Bakan \u00c7ift\u00e7i: T\u00fcrkiye, d\u00fcnyan\u0131n en b\u00fcy\u00fck &#8216;toplu konut seferberli\u011fini&#8217; ger\u00e7ekle\u015ftirmi\u015ftir"},"content":{"rendered":"<p>\u0130\u015fte \u0130\u00e7i\u015fleri Bakan\u0131 \u00c7ift\u00e7i&#x27;nin a\u00e7\u0131klamalar\u0131ndan sat\u0131r ba\u015flar\u0131:<\/p>\n<p>&quot;M\u00fcbarek Ramazan-\u0131 \u015eerif\u2019in ilk cumas\u0131n\u0131, bu aziz \u015fehirde eda ediyor olman\u0131n huzurunu ve bahtiyarl\u0131\u011f\u0131n\u0131 ya\u015f\u0131yorum. Cenab-\u0131 Hak, tuttu\u011fumuz oru\u00e7lar\u0131 ve yapt\u0131\u011f\u0131m\u0131z ibadetleri makbul eylesin; birlik ve karde\u015fli\u011fimizi daim k\u0131ls\u0131n. Bug\u00fcn, bizleri ba\u011fr\u0131na basan g\u00fczel memleket, edeler diyar\u0131 Kahramanmara\u015f\u2019tay\u0131z.<\/p>\n<p>\u0130stikl\u00e2l Madalyas\u0131\u2019n\u0131 topyek\u00fbn hak etmi\u015f bu \u015fehir; Cesaretin, dirayetin ve vatan sevdas\u0131n\u0131n abidele\u015fmi\u015f h\u00e2lidir.<\/p>\n<p>Bu topraklar kahramanl\u0131\u011f\u0131 kadar; ilim, irfan ve fikir miras\u0131yla da milletimizin haf\u0131zas\u0131nda m\u00fcstesna bir yere sahiptir.<\/p>\n<p>S\u00fct\u00e7\u00fc \u0130mam\u2019\u0131n imanla tutu\u015fturdu\u011fu k\u0131v\u0131lc\u0131m, 7 G\u00fczel Adam\u2019\u0131n kalemle in\u015fa etti\u011fi fikir iklimi, Mahzuni \u015eerif\u2019in Anadolu\u2019nun s\u0131z\u0131s\u0131n\u0131 dile getiren y\u00fcre\u011fi&#8230; Hepsi bu \u015fehrin ruhunu yo\u011furan b\u00fcy\u00fck de\u011ferlerdir.<\/p>\n<p>Bu nedenle Kahramanmara\u015f; hem direni\u015fi hem medeniyeti birlikte ta\u015f\u0131yan, hem k\u0131l\u0131c\u0131 hem kalemi ayn\u0131 onurla ku\u015fanm\u0131\u015f bir \u015fehirdir. Bu aziz \u015fehir, \u00fc\u00e7 y\u0131l \u00f6nce tarihimizin en b\u00fcy\u00fck imtihanlar\u0131ndan biriyle y\u00fczle\u015fti.<\/p>\n<p>6 \u015eubat 2023 tarihinde ya\u015fanan ve \u201cAsr\u0131n Felaketi\u201d olarak tarihe ge\u00e7en depremler, hayatlar\u0131, hat\u0131ralar\u0131 ve umutlar\u0131 enkaz alt\u0131nda b\u0131rakt\u0131.<\/p>\n<p>Kahramanmara\u015f merkezli bu b\u00fcy\u00fck&#8230;<\/p>\n","protected":false},"excerpt":{"rendered":"<p>\u0130\u00e7i\u015fleri Bakan\u0131 Mustafa \u00c7ift\u00e7i Yeni Evim, \u0130lk \u0130ftar\u0131m programlar\u0131 kapsam\u0131nda bas\u0131n toplant\u0131s\u0131 ger\u00e7ekle\u015ftirdi. Bakan \u00c7ift\u00e7i, Bug\u00fcn T\u00fcrkiye, tarihte e\u015fi&#8230;<\/p>\n","protected":false},"author":2,"featured_media":2408,"comment_status":"open","ping_status":"open","sticky":false,"template":"","format":"standard","meta":{"footnotes":""},"categories":[8,6,5],"tags":[],"class_list":["post-2409","post","type-post","status-publish","format-standard","has-post-thumbnail","hentry","category-arsiv","category-gundem","category-son-dakika"],"_links":{"self":[{"href":"https:\/\/eskigazeteci.com\/index.php?rest_route=\/wp\/v2\/posts\/2409","targetHints":{"allow":["GET"]}}],"collection":[{"href":"https:\/\/eskigazeteci.com\/index.php?rest_route=\/wp\/v2\/posts"}],"about":[{"href":"https:\/\/eskigazeteci.com\/index.php?rest_route=\/wp\/v2\/types\/post"}],"author":[{"embeddable":true,"href":"https:\/\/eskigazeteci.com\/index.php?rest_route=\/wp\/v2\/users\/2"}],"replies":[{"embeddable":true,"href":"https:\/\/eskigazeteci.com\/index.php?rest_route=%2Fwp%2Fv2%2Fcomments&post=2409"}],"version-history":[{"count":0,"href":"https:\/\/eskigazeteci.com\/index.php?rest_route=\/wp\/v2\/posts\/2409\/revisions"}],"wp:featuredmedia":[{"embeddable":true,"href":"https:\/\/eskigazeteci.com\/index.php?rest_route=\/wp\/v2\/media\/2408"}],"wp:attachment":[{"href":"https:\/\/eskigazeteci.com\/index.php?rest_route=%2Fwp%2Fv2%2Fmedia&parent=2409"}],"wp:term":[{"taxonomy":"category","embeddable":true,"href":"https:\/\/eskigazeteci.com\/index.php?rest_route=%2Fwp%2Fv2%2Fcategories&post=2409"},{"taxonomy":"post_tag","embeddable":true,"href":"https:\/\/eskigazeteci.com\/index.php?rest_route=%2Fwp%2Fv2%2Ftags&post=2409"}],"curies":[{"name":"wp","href":"https:\/\/api.w.org\/{rel}","templated":true}]}}