{"id":2407,"date":"2026-02-20T09:39:32","date_gmt":"2026-02-20T09:39:32","guid":{"rendered":"https:\/\/eskigazeteci.com\/?p=2407"},"modified":"2026-02-20T09:39:32","modified_gmt":"2026-02-20T09:39:32","slug":"bakan-simsek-bizim-icin-cok-onemli-diyerek-duyurdu-45-bolgede-kurulacak","status":"publish","type":"post","link":"https:\/\/eskigazeteci.com\/?p=2407","title":{"rendered":"Bakan \u015eim\u015fek &#8216;bizim i\u00e7in \u00e7ok \u00f6nemli&#8217; diyerek duyurdu: 45 b\u00f6lgede kurulacak"},"content":{"rendered":"<p>Hazine ve Maliye Bakan\u0131 Mehmet \u015eim\u015fek, yapt\u0131\u011f\u0131 a\u00e7\u0131klamada tar\u0131msal \u00fcretimin \u00f6nemine vurgu yapt\u0131. \u015eim\u015fek G\u0131da arz\u0131n\u0131n art\u0131r\u0131lmas\u0131 bizim i\u00e7in \u00e7ok \u00f6nemli. 45&#8230;<\/p>\n","protected":false},"excerpt":{"rendered":"<p>Hazine ve Maliye Bakan\u0131 Mehmet \u015eim\u015fek, yapt\u0131\u011f\u0131 a\u00e7\u0131klamada tar\u0131msal \u00fcretimin \u00f6nemine vurgu yapt\u0131. \u015eim\u015fek G\u0131da arz\u0131n\u0131n art\u0131r\u0131lmas\u0131 bizim i\u00e7in \u00e7ok \u00f6nemli. 45&#8230;<\/p>\n","protected":false},"author":2,"featured_media":2406,"comment_status":"open","ping_status":"open","sticky":false,"template":"","format":"standard","meta":{"footnotes":""},"categories":[8,6,5],"tags":[],"class_list":["post-2407","post","type-post","status-publish","format-standard","has-post-thumbnail","hentry","category-arsiv","category-gundem","category-son-dakika"],"_links":{"self":[{"href":"https:\/\/eskigazeteci.com\/index.php?rest_route=\/wp\/v2\/posts\/2407","targetHints":{"allow":["GET"]}}],"collection":[{"href":"https:\/\/eskigazeteci.com\/index.php?rest_route=\/wp\/v2\/posts"}],"about":[{"href":"https:\/\/eskigazeteci.com\/index.php?rest_route=\/wp\/v2\/types\/post"}],"author":[{"embeddable":true,"href":"https:\/\/eskigazeteci.com\/index.php?rest_route=\/wp\/v2\/users\/2"}],"replies":[{"embeddable":true,"href":"https:\/\/eskigazeteci.com\/index.php?rest_route=%2Fwp%2Fv2%2Fcomments&post=2407"}],"version-history":[{"count":0,"href":"https:\/\/eskigazeteci.com\/index.php?rest_route=\/wp\/v2\/posts\/2407\/revisions"}],"wp:featuredmedia":[{"embeddable":true,"href":"https:\/\/eskigazeteci.com\/index.php?rest_route=\/wp\/v2\/media\/2406"}],"wp:attachment":[{"href":"https:\/\/eskigazeteci.com\/index.php?rest_route=%2Fwp%2Fv2%2Fmedia&parent=2407"}],"wp:term":[{"taxonomy":"category","embeddable":true,"href":"https:\/\/eskigazeteci.com\/index.php?rest_route=%2Fwp%2Fv2%2Fcategories&post=2407"},{"taxonomy":"post_tag","embeddable":true,"href":"https:\/\/eskigazeteci.com\/index.php?rest_route=%2Fwp%2Fv2%2Ftags&post=2407"}],"curies":[{"name":"wp","href":"https:\/\/api.w.org\/{rel}","templated":true}]}}