{"id":2405,"date":"2026-02-20T09:37:59","date_gmt":"2026-02-20T09:37:59","guid":{"rendered":"https:\/\/eskigazeteci.com\/?p=2405"},"modified":"2026-02-20T09:37:59","modified_gmt":"2026-02-20T09:37:59","slug":"fenerbahcede-wade-baldwine-saldiran-lessortun-cezasi-belli-oldu","status":"publish","type":"post","link":"https:\/\/eskigazeteci.com\/?p=2405","title":{"rendered":"Fenerbah\u00e7e&#8217;de Wade Baldwin\u2019e sald\u0131ran Lessort&#8217;un cezas\u0131 belli oldu!"},"content":{"rendered":"<p>EuroLeague&#x27;in 28. haftas\u0131nda Panathinaikos&#x27;a deplasmanda konuk olan Fenerbah\u00e7e Beko, Wade Baldwin\u2019in son saniye basketiyle m\u00fccadeleden 85-83 galip ayr\u0131lm\u0131\u015ft\u0131.<\/p>\n<p>Kar\u015f\u0131la\u015fman\u0131n ard\u0131ndan Fenerbah\u00e7e b\u00fcy\u00fck sevin\u00e7 ya\u015farken Panathinaikos&#x27;ta Mathias Lessort, Wade Baldwin&#x27;in \u00fczerine y\u00fcr\u00fcm\u00fc\u015f ve saha kar\u0131\u015fm\u0131\u015ft\u0131.<\/p>\n<p>EuroLeague , Mathias Lessort&#x27;a Wade Baldwin &#x27;e yapt\u0131\u011f\u0131 hareket nedeniyle 1 ma\u00e7 men ve 8 bin Euro para cezas\u0131 verdi.<\/p>\n<p>Ayr\u0131ca, Panathinaikos &#x27;a da 22 bin Euro para cezas\u0131 verildi.<\/p>\n<p>T\u00fcrkiye&#x27;den ve D\u00fcnya\u2019dan son dakika haberleri, k\u00f6\u015fe yaz\u0131lar\u0131, magazinden siyasete, spordan seyahate b\u00fct\u00fcn konular\u0131n tek adresi Hurriyet.com.tr haber i\u00e7erikleri izin al\u0131nmadan, kaynak g\u00f6sterilerek dahi iktibas edilemez. Kanuna ayk\u0131r\u0131 ve izinsiz olarak kopyalanamaz, ba\u015fka yerde yay\u0131nlanamaz.<\/p>\n","protected":false},"excerpt":{"rendered":"<p>EuroLeague, Panathinaikos &#8211; Fenerbah\u00e7e Beko ma\u00e7\u0131nda ya\u015fanan saha olaylar\u0131 nedeniyle verilen cezalar\u0131 a\u00e7\u0131klad\u0131.<\/p>\n","protected":false},"author":2,"featured_media":2404,"comment_status":"open","ping_status":"open","sticky":false,"template":"","format":"standard","meta":{"footnotes":""},"categories":[8,5,7],"tags":[],"class_list":["post-2405","post","type-post","status-publish","format-standard","has-post-thumbnail","hentry","category-arsiv","category-son-dakika","category-spor"],"_links":{"self":[{"href":"https:\/\/eskigazeteci.com\/index.php?rest_route=\/wp\/v2\/posts\/2405","targetHints":{"allow":["GET"]}}],"collection":[{"href":"https:\/\/eskigazeteci.com\/index.php?rest_route=\/wp\/v2\/posts"}],"about":[{"href":"https:\/\/eskigazeteci.com\/index.php?rest_route=\/wp\/v2\/types\/post"}],"author":[{"embeddable":true,"href":"https:\/\/eskigazeteci.com\/index.php?rest_route=\/wp\/v2\/users\/2"}],"replies":[{"embeddable":true,"href":"https:\/\/eskigazeteci.com\/index.php?rest_route=%2Fwp%2Fv2%2Fcomments&post=2405"}],"version-history":[{"count":0,"href":"https:\/\/eskigazeteci.com\/index.php?rest_route=\/wp\/v2\/posts\/2405\/revisions"}],"wp:featuredmedia":[{"embeddable":true,"href":"https:\/\/eskigazeteci.com\/index.php?rest_route=\/wp\/v2\/media\/2404"}],"wp:attachment":[{"href":"https:\/\/eskigazeteci.com\/index.php?rest_route=%2Fwp%2Fv2%2Fmedia&parent=2405"}],"wp:term":[{"taxonomy":"category","embeddable":true,"href":"https:\/\/eskigazeteci.com\/index.php?rest_route=%2Fwp%2Fv2%2Fcategories&post=2405"},{"taxonomy":"post_tag","embeddable":true,"href":"https:\/\/eskigazeteci.com\/index.php?rest_route=%2Fwp%2Fv2%2Ftags&post=2405"}],"curies":[{"name":"wp","href":"https:\/\/api.w.org\/{rel}","templated":true}]}}