{"id":2403,"date":"2026-02-20T09:31:08","date_gmt":"2026-02-20T09:31:08","guid":{"rendered":"https:\/\/eskigazeteci.com\/?p=2403"},"modified":"2026-02-20T09:31:08","modified_gmt":"2026-02-20T09:31:08","slug":"bakan-gurlek-mevcut-duzende-umut-hakki-uygulamasi-bulunmuyor","status":"publish","type":"post","link":"https:\/\/eskigazeteci.com\/?p=2403","title":{"rendered":"Bakan G\u00fcrlek: Mevcut d\u00fczende &#8216;Umut Hakk\u0131&#8217; uygulamas\u0131 bulunmuyor"},"content":{"rendered":"<p>Adalet Bakan\u0131 Ak\u0131n G\u00fcrlek , g\u00fcndeme ili\u015fkin yaz\u0131l\u0131 a\u00e7\u0131klama yapt\u0131. Bakanl\u0131k b\u00fcnyesinde y\u00fcr\u00fct\u00fclen \u00e7al\u0131\u015fmalar\u0131 de\u011ferlendiren G\u00fcrlek, avukat-m\u00fcvekkil g\u00f6r\u00fc\u015fmelerindeki s\u0131n\u0131rlama iddialar\u0131na ili\u015fkin, &quot;Somut ve ciddi bir g\u00fcvenlik riski ortaya \u00e7\u0131kt\u0131\u011f\u0131nda, kanuna dayal\u0131 ve hakim karar\u0131yla s\u0131n\u0131rl\u0131 tedbirler al\u0131nabilir. Bir g\u00f6r\u00fc\u015fme delillerin yok edilmesine ya da \u00f6rg\u00fctsel talimat aktar\u0131m\u0131na ara\u00e7 haline geliyorsa, hukuk devleti buna kay\u0131ts\u0131z kalamaz. A\u0130HM kararlar\u0131 da ter\u00f6r ve \u00f6rg\u00fct su\u00e7lar\u0131nda, somut delil olmas\u0131 durumunda k\u0131s\u0131tlamalar\u0131 makul g\u00f6rmektedir. Bu her g\u00f6r\u00fc\u015fmede de\u011fil, mahkeme karar\u0131 ve somut tespit olmas\u0131 halinde uygulanacakt\u0131r&quot; dedi.<\/p>\n<p>&#x27;GENEL AF S\u00d6Z KONUSU DE\u011e\u0130L&#x27;<\/p>\n<p>&#x27;Ter\u00f6rs\u00fcz T\u00fcrkiye&#x27; s\u00fcreci kapsam\u0131nda yap\u0131lacak yasal \u00e7al\u0131\u015fmalar\u0131n adresinin TBMM oldu\u011funu ifade eden G\u00fcrlek, &quot;Net ifade edeyim; yap\u0131lacak olas\u0131 d\u00fczenlemelerin genel affa d\u00f6n\u00fc\u015fmesi s\u00f6z konusu de\u011fil. S\u00fcrecin ana akt\u00f6r\u00fc Meclis\u2019tir, biz teknik destek veririz. En kritik e\u015fik, \u00f6rg\u00fct\u00fcn silah b\u0131rakmas\u0131 ve kendini feshetmesidir. Bu tespiti devletin g\u00fcvenlik birimleri yapacakt\u0131r. Mevzuat\u0131m\u0131zda a\u011f\u0131rla\u015ft\u0131r\u0131lm\u0131\u015f m\u00fcebbet hapis cezalar\u0131 i\u00e7in belli \u015fartlarda ko\u015fullu sal\u0131verilme olsa da ter\u00f6r su\u00e7lar\u0131 bundan istisnad\u0131r. \u0130damdan \u00e7evrilen&#8230;<\/p>\n","protected":false},"excerpt":{"rendered":"<p>Adalet Bakan\u0131 Ak\u0131n G\u00fcrlek, \u0130damdan \u00e7evrilen veya ter\u00f6r su\u00e7undan a\u011f\u0131rla\u015ft\u0131r\u0131lm\u0131\u015f m\u00fcebbet alanlar i\u00e7in ceza, \u00f6m\u00fcr boyu infaz edilir. Dolay\u0131s\u0131yla mevcut d\u00fczende&#8230;<\/p>\n","protected":false},"author":2,"featured_media":2402,"comment_status":"open","ping_status":"open","sticky":false,"template":"","format":"standard","meta":{"footnotes":""},"categories":[8,6,5],"tags":[],"class_list":["post-2403","post","type-post","status-publish","format-standard","has-post-thumbnail","hentry","category-arsiv","category-gundem","category-son-dakika"],"_links":{"self":[{"href":"https:\/\/eskigazeteci.com\/index.php?rest_route=\/wp\/v2\/posts\/2403","targetHints":{"allow":["GET"]}}],"collection":[{"href":"https:\/\/eskigazeteci.com\/index.php?rest_route=\/wp\/v2\/posts"}],"about":[{"href":"https:\/\/eskigazeteci.com\/index.php?rest_route=\/wp\/v2\/types\/post"}],"author":[{"embeddable":true,"href":"https:\/\/eskigazeteci.com\/index.php?rest_route=\/wp\/v2\/users\/2"}],"replies":[{"embeddable":true,"href":"https:\/\/eskigazeteci.com\/index.php?rest_route=%2Fwp%2Fv2%2Fcomments&post=2403"}],"version-history":[{"count":0,"href":"https:\/\/eskigazeteci.com\/index.php?rest_route=\/wp\/v2\/posts\/2403\/revisions"}],"wp:featuredmedia":[{"embeddable":true,"href":"https:\/\/eskigazeteci.com\/index.php?rest_route=\/wp\/v2\/media\/2402"}],"wp:attachment":[{"href":"https:\/\/eskigazeteci.com\/index.php?rest_route=%2Fwp%2Fv2%2Fmedia&parent=2403"}],"wp:term":[{"taxonomy":"category","embeddable":true,"href":"https:\/\/eskigazeteci.com\/index.php?rest_route=%2Fwp%2Fv2%2Fcategories&post=2403"},{"taxonomy":"post_tag","embeddable":true,"href":"https:\/\/eskigazeteci.com\/index.php?rest_route=%2Fwp%2Fv2%2Ftags&post=2403"}],"curies":[{"name":"wp","href":"https:\/\/api.w.org\/{rel}","templated":true}]}}