{"id":240,"date":"2026-02-09T09:53:41","date_gmt":"2026-02-09T09:53:41","guid":{"rendered":"https:\/\/eskigazeteci.com\/?p=240"},"modified":"2026-02-09T09:53:41","modified_gmt":"2026-02-09T09:53:41","slug":"haber-95","status":"publish","type":"post","link":"https:\/\/eskigazeteci.com\/?p=240","title":{"rendered":"Haber"},"content":{"rendered":"<p>\u015eam B\u00fcy\u00fckel\u00e7ili\u011fi sosyal medya hesaplar\u0131ndan yap\u0131lan payla\u015f\u0131ma g\u00f6re, Suriye Savunma Bakanl\u0131\u011f\u0131nda ger\u00e7ekle\u015fen g\u00f6r\u00fc\u015fmede, T\u00fcrkiye ile Suriye aras\u0131ndaki ikili askeri ili\u015fkiler ile g\u00fcvenlik konular\u0131 g\u00f6r\u00fc\u015f\u00fcld\u00fc.<\/p>\n<p>Taraflar, mevcut i\u015fbirli\u011finin daha da geli\u015ftirilmesi ele al\u0131nd\u0131.<\/p>\n<p>B\u00fcy\u00fckel\u00e7i Y\u0131lmaz, T\u00fcrkiye\u2019nin karde\u015f Suriye\u2019nin yan\u0131nda her daim kararl\u0131l\u0131kla durmaya devam edece\u011fini belirtti.<\/p>\n<p>G\u00f6r\u00fc\u015fmenin, iki \u00fclke aras\u0131nda g\u00fcvenlik ve savunma alanlar\u0131ndaki i\u015fbirli\u011finin g\u00fc\u00e7lendirilmesine katk\u0131 sa\u011flamas\u0131 bekleniyor.<\/p>\n<p>Yurtd\u0131\u015f\u0131nda ya\u015fanan en son olaylar, d\u00fcnya g\u00fcndemine oturan d\u0131\u015f haberler, son dakika d\u00fcnya haberleri, di\u011fer d\u00fcnya \u00fclkelerinden g\u00fcncel haberler i\u00e7in T\u00fcrkiye&#x27;nin haber sitesi hurriyet.com.tr; Hurriyet.com.tr haber i\u00e7erikleri kaynak g\u00f6sterilmeden al\u0131nt\u0131 yap\u0131lamaz, Kanuna ayk\u0131r\u0131 ve izinsiz olarak kopyalanamaz, ba\u015fka yerde yay\u0131nlanamaz.<\/p>\n","protected":false},"excerpt":{"rendered":"<p>T\u00fcrkiye\u2019nin \u015eam B\u00fcy\u00fckel\u00e7isi Nuh Y\u0131lmaz, Suriye Savunma Bakan\u0131 T\u00fcmgeneral Merhef Ebu Kasra\u2019y\u0131 makam\u0131nda ziyaret etti.<\/p>\n","protected":false},"author":2,"featured_media":239,"comment_status":"open","ping_status":"open","sticky":false,"template":"","format":"standard","meta":{"footnotes":""},"categories":[8,3],"tags":[],"class_list":["post-240","post","type-post","status-publish","format-standard","has-post-thumbnail","hentry","category-arsiv","category-siyaset"],"_links":{"self":[{"href":"https:\/\/eskigazeteci.com\/index.php?rest_route=\/wp\/v2\/posts\/240","targetHints":{"allow":["GET"]}}],"collection":[{"href":"https:\/\/eskigazeteci.com\/index.php?rest_route=\/wp\/v2\/posts"}],"about":[{"href":"https:\/\/eskigazeteci.com\/index.php?rest_route=\/wp\/v2\/types\/post"}],"author":[{"embeddable":true,"href":"https:\/\/eskigazeteci.com\/index.php?rest_route=\/wp\/v2\/users\/2"}],"replies":[{"embeddable":true,"href":"https:\/\/eskigazeteci.com\/index.php?rest_route=%2Fwp%2Fv2%2Fcomments&post=240"}],"version-history":[{"count":0,"href":"https:\/\/eskigazeteci.com\/index.php?rest_route=\/wp\/v2\/posts\/240\/revisions"}],"wp:featuredmedia":[{"embeddable":true,"href":"https:\/\/eskigazeteci.com\/index.php?rest_route=\/wp\/v2\/media\/239"}],"wp:attachment":[{"href":"https:\/\/eskigazeteci.com\/index.php?rest_route=%2Fwp%2Fv2%2Fmedia&parent=240"}],"wp:term":[{"taxonomy":"category","embeddable":true,"href":"https:\/\/eskigazeteci.com\/index.php?rest_route=%2Fwp%2Fv2%2Fcategories&post=240"},{"taxonomy":"post_tag","embeddable":true,"href":"https:\/\/eskigazeteci.com\/index.php?rest_route=%2Fwp%2Fv2%2Ftags&post=240"}],"curies":[{"name":"wp","href":"https:\/\/api.w.org\/{rel}","templated":true}]}}