{"id":2399,"date":"2026-02-20T09:28:00","date_gmt":"2026-02-20T09:28:00","guid":{"rendered":"https:\/\/eskigazeteci.com\/?p=2399"},"modified":"2026-02-20T09:28:00","modified_gmt":"2026-02-20T09:28:00","slug":"gundemde-beren-var","status":"publish","type":"post","link":"https:\/\/eskigazeteci.com\/?p=2399","title":{"rendered":"G\u00fcndemde Beren var"},"content":{"rendered":"<p>Cesareti i\u00e7in tebrik ediyorum<\/p>\n<p>Asl\u0131 Enver , Beren Saat\u2019in kariyerinde a\u00e7t\u0131\u011f\u0131 yeni sayfay\u0131 \u201ccesurca\u201d buldu\u011funu dile getirdi: \u201cDinledim. Gayet g\u00fczel. Bir kere \u00e7al\u0131\u015fkanl\u0131\u011f\u0131, cesareti ve iste\u011fi i\u00e7in kendisini tebrik ediyorum. Bence bunu yapmak cesaret i\u015fi ayn\u0131 zamanda. \u0130\u00e7inden gelmi\u015f, yapm\u0131\u015f. Ne g\u00fczel yapm\u0131\u015f.\u201d<\/p>\n<p>Be\u011fendi\u011fimi s\u00f6yleyemem<\/p>\n<p>Birce Akalay, \u2018\u015fark\u0131c\u0131 Beren\u2019i be\u011fenmeyenlerden: \u201cHayalini ger\u00e7ekle\u015ftirdi\u011fini biliyorum. O y\u00fczden \u00e7ok takdir ediyorum tabii ki \u00e7al\u0131\u015fmalar\u0131n\u0131. Ama benim tarz\u0131m diyemem a\u00e7\u0131k\u00e7as\u0131. \u00c7ok be\u011fendi\u011fimi s\u00f6yleyemem. Bu benim \u015fahsi d\u00fc\u015f\u00fcncem. Ne ama\u00e7lad\u0131\u011f\u0131n\u0131, ne hissetti\u011fini de anl\u0131yorum ama \u00e7ok ge\u00e7ti\u011fini d\u00fc\u015f\u00fcnm\u00fcyorum dinleyiciye.\u201d<\/p>\n<p>Sevmiyorsan\u0131z dinlemezsiniz<\/p>\n<p>F\u0131rat \u00c7elik, y\u0131llar \u00f6nce \u201cFatmag\u00fcl\u2019\u00fcn Su\u00e7u Ne?\u201d dizisinde birlikte rol ald\u0131\u011f\u0131 Beren Saat i\u00e7in \u201cBiliyorsunuz benim \u00e7ok sevdi\u011fim bir arkada\u015f\u0131md\u0131r\u201d dedi ve \u00fcnl\u00fc oyuncuya \u015fark\u0131s\u0131 \u00fczerinden yap\u0131lan ele\u015ftirileri gereksiz buldu\u011funu s\u00f6yledi:<\/p>\n<p>\u201cSonu\u00e7ta bir \u015fey istedi ve yapt\u0131. 1 haftad\u0131r ele\u015ftiriliyor. Ne gerek var? Sevmiyorsan\u0131z dinlemezsiniz, ge\u00e7ersiniz. Yorumlar\u0131 ac\u0131mas\u0131z buluyorum. Gerek yok. \u0130\u00e7inden bir \u015fey geldi, yapt\u0131. Eme\u011fe sa\u011fl\u0131k diyorum. Umar\u0131m daha g\u00fczel \u015feyler dinleriz. Bence \u00e7ok iyi yapt\u0131.\u201d<\/p>\n<p>Te\u015fekk\u00fcr&#8230;<\/p>\n","protected":false},"excerpt":{"rendered":"<p>\u2018Beren\u2019 ad\u0131yla m\u00fczik d\u00fcnyas\u0131na ad\u0131m atan Beren Saat, ilk \u015fark\u0131s\u0131 \u201cCapitaliZoo\u201d ile son g\u00fcnlerin en \u00e7ok konu\u015fulan ismi oldu. \u201cS\u00fcr\u00fcklenmi\u015f\u201d adl\u0131 tiyatro&#8230;<\/p>\n","protected":false},"author":2,"featured_media":2398,"comment_status":"open","ping_status":"open","sticky":false,"template":"","format":"standard","meta":{"footnotes":""},"categories":[8,6,5],"tags":[],"class_list":["post-2399","post","type-post","status-publish","format-standard","has-post-thumbnail","hentry","category-arsiv","category-gundem","category-son-dakika"],"_links":{"self":[{"href":"https:\/\/eskigazeteci.com\/index.php?rest_route=\/wp\/v2\/posts\/2399","targetHints":{"allow":["GET"]}}],"collection":[{"href":"https:\/\/eskigazeteci.com\/index.php?rest_route=\/wp\/v2\/posts"}],"about":[{"href":"https:\/\/eskigazeteci.com\/index.php?rest_route=\/wp\/v2\/types\/post"}],"author":[{"embeddable":true,"href":"https:\/\/eskigazeteci.com\/index.php?rest_route=\/wp\/v2\/users\/2"}],"replies":[{"embeddable":true,"href":"https:\/\/eskigazeteci.com\/index.php?rest_route=%2Fwp%2Fv2%2Fcomments&post=2399"}],"version-history":[{"count":0,"href":"https:\/\/eskigazeteci.com\/index.php?rest_route=\/wp\/v2\/posts\/2399\/revisions"}],"wp:featuredmedia":[{"embeddable":true,"href":"https:\/\/eskigazeteci.com\/index.php?rest_route=\/wp\/v2\/media\/2398"}],"wp:attachment":[{"href":"https:\/\/eskigazeteci.com\/index.php?rest_route=%2Fwp%2Fv2%2Fmedia&parent=2399"}],"wp:term":[{"taxonomy":"category","embeddable":true,"href":"https:\/\/eskigazeteci.com\/index.php?rest_route=%2Fwp%2Fv2%2Fcategories&post=2399"},{"taxonomy":"post_tag","embeddable":true,"href":"https:\/\/eskigazeteci.com\/index.php?rest_route=%2Fwp%2Fv2%2Ftags&post=2399"}],"curies":[{"name":"wp","href":"https:\/\/api.w.org\/{rel}","templated":true}]}}