{"id":2397,"date":"2026-02-20T09:21:06","date_gmt":"2026-02-20T09:21:06","guid":{"rendered":"https:\/\/eskigazeteci.com\/?p=2397"},"modified":"2026-02-20T09:21:06","modified_gmt":"2026-02-20T09:21:06","slug":"oglu-icin-feryat-eden-annenin-sesi-duyuldu-bakan-goktas-islemin-durdurulmasi-icin-talimat-verdi","status":"publish","type":"post","link":"https:\/\/eskigazeteci.com\/?p=2397","title":{"rendered":"O\u011flu i\u00e7in feryat eden annenin sesi duyuldu! Bakan G\u00f6kta\u015f, i\u015flemin durdurulmas\u0131 i\u00e7in talimat verdi"},"content":{"rendered":"<p>Kepez il\u00e7esinde ya\u015fayan Emine ve S\u00fcleyman Kinvan \u00e7iftinin 3 \u00e7ocu\u011fundan en b\u00fcy\u00fc\u011f\u00fc Muhammet, 3 ya\u015f\u0131na geldi\u011finde ailesi, hareketlerinden \u015f\u00fcphelendikleri \u00e7ocu\u011fu doktora g\u00f6t\u00fcrd\u00fc. Kontrolde Muhammet&#x27;e a\u011f\u0131r otizm te\u015fhisi konuldu. Bu te\u015fhisten sonra ailenin ya\u015fant\u0131s\u0131 de\u011fi\u015fti. \u00c7iftin sonra Ay\u015feg\u00fcl ve \u015eeyma ad\u0131n\u0131 verdikleri 2 \u00e7ocuklar\u0131 daha oldu. Ay\u015feg\u00fcl&#x27;e Tip-1 diyabet, \u015eeyma&#x27;ya Serebral palsi (beyin felci) te\u015fhisi konuldu. Son 2 y\u0131ld\u0131r sald\u0131rgan tav\u0131rlarda bulunan, \u00f6nce e\u011fitim ald\u0131\u011f\u0131 okulda \u00f6\u011fretmenlerini darbeden, son zamanlarda aile \u00fcyelerini darbetmeye ba\u015flayan ve zaman zaman evdeki e\u015fyalara zarar veren Muhammet, ge\u00e7en a\u011fustosta ailesinin iste\u011fi ve Aile ve Sosyal Hizmetler \u0130l M\u00fcd\u00fcrl\u00fc\u011f\u00fc&#x27;n\u00fcn devreye girmesi sonucu bak\u0131m merkezine yerle\u015ftirildi.<\/p>\n<p>G\u00dc\u00c7L\u00dcKLE \u0130KNA ED\u0130LEB\u0130LD\u0130<\/p>\n<p>Bak\u0131mevinde 6 ayd\u0131r kalan Muhammet, ziyaret g\u00fcnlerinde kendisini g\u00f6rmeye gelen ailesi ve karde\u015fleriyle bir araya geldi. Anne Emine Kinvan ise o\u011flunu uzaktan g\u00f6rmek i\u00e7in zaman zaman bak\u0131m merkezine gitmeye ba\u015flad\u0131. Ancak Kinvan, k\u0131sa s\u00fcre \u00f6nce Muhammet&#x27;in ba\u015fka \u015fehre g\u00f6nderilece\u011fine dair telefonla \u015foke oldu\u011funu s\u00f6yledi. O\u011flunun uyum sa\u011flayamad\u0131\u011f\u0131 gerek\u00e7esiyle kilometrelerce uzaktaki bir \u015fehre g\u00f6nderilece\u011fini anlatan&#8230;<\/p>\n","protected":false},"excerpt":{"rendered":"<p>Antalya&#8217;da, yakla\u015f\u0131k 6 ayd\u0131r bak\u0131m merkezinde kalan a\u011f\u0131r otizmli Muhammet&#8217;in (19), Ordu&#8217;ya naklini istemeyen ve ba\u015fvurular\u0131ndan sonu\u00e7 alamayan anne Emine&#8230;<\/p>\n","protected":false},"author":2,"featured_media":2396,"comment_status":"open","ping_status":"open","sticky":false,"template":"","format":"standard","meta":{"footnotes":""},"categories":[8,6,5],"tags":[],"class_list":["post-2397","post","type-post","status-publish","format-standard","has-post-thumbnail","hentry","category-arsiv","category-gundem","category-son-dakika"],"_links":{"self":[{"href":"https:\/\/eskigazeteci.com\/index.php?rest_route=\/wp\/v2\/posts\/2397","targetHints":{"allow":["GET"]}}],"collection":[{"href":"https:\/\/eskigazeteci.com\/index.php?rest_route=\/wp\/v2\/posts"}],"about":[{"href":"https:\/\/eskigazeteci.com\/index.php?rest_route=\/wp\/v2\/types\/post"}],"author":[{"embeddable":true,"href":"https:\/\/eskigazeteci.com\/index.php?rest_route=\/wp\/v2\/users\/2"}],"replies":[{"embeddable":true,"href":"https:\/\/eskigazeteci.com\/index.php?rest_route=%2Fwp%2Fv2%2Fcomments&post=2397"}],"version-history":[{"count":0,"href":"https:\/\/eskigazeteci.com\/index.php?rest_route=\/wp\/v2\/posts\/2397\/revisions"}],"wp:featuredmedia":[{"embeddable":true,"href":"https:\/\/eskigazeteci.com\/index.php?rest_route=\/wp\/v2\/media\/2396"}],"wp:attachment":[{"href":"https:\/\/eskigazeteci.com\/index.php?rest_route=%2Fwp%2Fv2%2Fmedia&parent=2397"}],"wp:term":[{"taxonomy":"category","embeddable":true,"href":"https:\/\/eskigazeteci.com\/index.php?rest_route=%2Fwp%2Fv2%2Fcategories&post=2397"},{"taxonomy":"post_tag","embeddable":true,"href":"https:\/\/eskigazeteci.com\/index.php?rest_route=%2Fwp%2Fv2%2Ftags&post=2397"}],"curies":[{"name":"wp","href":"https:\/\/api.w.org\/{rel}","templated":true}]}}