{"id":2395,"date":"2026-02-20T09:19:34","date_gmt":"2026-02-20T09:19:34","guid":{"rendered":"https:\/\/eskigazeteci.com\/?p=2395"},"modified":"2026-02-20T09:19:34","modified_gmt":"2026-02-20T09:19:34","slug":"besiktas","status":"publish","type":"post","link":"https:\/\/eskigazeteci.com\/?p=2395","title":{"rendered":"Be\u015fikta\u015f"},"content":{"rendered":"<p>Be\u015fikta\u015f , T\u00fcrkiye Kupas\u0131 Yar\u0131 Final ma\u00e7\u0131nda Anadolu Efes ile m\u00fccadele edecek. T\u00fcrkiye Kupas\u0131\u2019nda iki ekip aras\u0131nda oynanan dokuz kar\u015f\u0131la\u015fman\u0131n yedisinden lacivert beyazl\u0131 ekip galip ayr\u0131l\u0131rken, Cumhurba\u015fkanl\u0131\u011f\u0131 Kupas\u0131\u2019nda iki tak\u0131m\u0131n oynad\u0131\u011f\u0131 tek kar\u015f\u0131la\u015fmay\u0131 ise Be\u015fikta\u015f Gain kazand\u0131. Yar\u0131 final m\u00fccadelesini kazanan taraf, finalde Fenerbah\u00e7e Beko &#8211; T\u00fcrk Telekom e\u015fle\u015fmesinin galibi parkeye \u00e7\u0131kacak. \u0130\u015fte Be\u015fikta\u015f-Anadolu Efes ma\u00e7\u0131 canl\u0131 yay\u0131n bilgisi&#8230;<\/p>\n<p>BE\u015e\u0130KTA\u015e &#8211; ANADOLU EFES MA\u00c7I NE ZAMAN, SAAT KA\u00c7TA, HANG\u0130 KANALDA?<\/p>\n<p>Be\u015fikta\u015f Gain ve Anadolu Efes , bu ak\u015fam (20 \u015eubat) Ziraat Bankas\u0131 T\u00fcrkiye Kupas\u0131 Yar\u0131 Final kar\u015f\u0131la\u015fmas\u0131nda kar\u015f\u0131 kar\u015f\u0131ya gelecek.<\/p>\n<p>Sinan Erdem Spor Salonu\u2019nda oynanacak ma\u00e7 saat 17:15\u2019te ba\u015flayacak ve A Spor ekranlar\u0131ndan canl\u0131 olarak takip edilebilecek.<\/p>\n<p>T\u00fcrkiye&#x27;den ve D\u00fcnya\u2019dan son dakika haberleri, k\u00f6\u015fe yaz\u0131lar\u0131, magazinden siyasete, spordan seyahate b\u00fct\u00fcn konular\u0131n tek adresi Hurriyet.com.tr haber i\u00e7erikleri izin al\u0131nmadan, kaynak g\u00f6sterilerek dahi iktibas edilemez. Kanuna ayk\u0131r\u0131 ve izinsiz olarak kopyalanamaz, ba\u015fka yerde yay\u0131nlanamaz.<\/p>\n","protected":false},"excerpt":{"rendered":"<p>Be\u015fikta\u015f ve Anadolu Efes, T\u00fcrkiye Kupas\u0131 Yar\u0131 Final ma\u00e7\u0131nda kar\u015f\u0131 kar\u015f\u0131ya geliyor. Lacivert beyazl\u0131 ekip, daha \u00f6nce T\u00fcrkiye Kupas\u0131&#8217;n\u0131 12 defa kazand\u0131 ve&#8230;<\/p>\n","protected":false},"author":2,"featured_media":2394,"comment_status":"open","ping_status":"open","sticky":false,"template":"","format":"standard","meta":{"footnotes":""},"categories":[8,5,7],"tags":[],"class_list":["post-2395","post","type-post","status-publish","format-standard","has-post-thumbnail","hentry","category-arsiv","category-son-dakika","category-spor"],"_links":{"self":[{"href":"https:\/\/eskigazeteci.com\/index.php?rest_route=\/wp\/v2\/posts\/2395","targetHints":{"allow":["GET"]}}],"collection":[{"href":"https:\/\/eskigazeteci.com\/index.php?rest_route=\/wp\/v2\/posts"}],"about":[{"href":"https:\/\/eskigazeteci.com\/index.php?rest_route=\/wp\/v2\/types\/post"}],"author":[{"embeddable":true,"href":"https:\/\/eskigazeteci.com\/index.php?rest_route=\/wp\/v2\/users\/2"}],"replies":[{"embeddable":true,"href":"https:\/\/eskigazeteci.com\/index.php?rest_route=%2Fwp%2Fv2%2Fcomments&post=2395"}],"version-history":[{"count":0,"href":"https:\/\/eskigazeteci.com\/index.php?rest_route=\/wp\/v2\/posts\/2395\/revisions"}],"wp:featuredmedia":[{"embeddable":true,"href":"https:\/\/eskigazeteci.com\/index.php?rest_route=\/wp\/v2\/media\/2394"}],"wp:attachment":[{"href":"https:\/\/eskigazeteci.com\/index.php?rest_route=%2Fwp%2Fv2%2Fmedia&parent=2395"}],"wp:term":[{"taxonomy":"category","embeddable":true,"href":"https:\/\/eskigazeteci.com\/index.php?rest_route=%2Fwp%2Fv2%2Fcategories&post=2395"},{"taxonomy":"post_tag","embeddable":true,"href":"https:\/\/eskigazeteci.com\/index.php?rest_route=%2Fwp%2Fv2%2Ftags&post=2395"}],"curies":[{"name":"wp","href":"https:\/\/api.w.org\/{rel}","templated":true}]}}