{"id":2393,"date":"2026-02-20T09:18:01","date_gmt":"2026-02-20T09:18:01","guid":{"rendered":"https:\/\/eskigazeteci.com\/?p=2393"},"modified":"2026-02-20T09:18:01","modified_gmt":"2026-02-20T09:18:01","slug":"super-ligde-23-haftanin-hakemleri-belli-oldu","status":"publish","type":"post","link":"https:\/\/eskigazeteci.com\/?p=2393","title":{"rendered":"S\u00fcper Lig&#8217;de 23. haftan\u0131n hakemleri belli oldu!"},"content":{"rendered":"<p>MHK, S\u00fcper Lig &#x27;in 23. haftas\u0131nda g\u00f6rev alacak hakemleri a\u00e7\u0131klad\u0131.<\/p>\n<p>Ey\u00fcpspor &#8211; Gen\u00e7lerbirli\u011fi: \u00d6mer Faruk Turtay<\/p>\n<p>Alanyaspor &#8211; Ba\u015fak\u015fehir: Kadir Sa\u011flam<\/p>\n<p>Konyaspor &#8211; Galatasaray: Atilla Karao\u011flan<\/p>\n<p>Kayserispor &#8211; Antalyaspor: Halil Umut Meler<\/p>\n<p>Gaziantep FK &#8211; Trabzonspor: \u00c7a\u011fda\u015f Altay<\/p>\n<p>Fatih Karag\u00fcmr\u00fck &#8211; Samsunspor: O\u011fuzhan \u00c7ak\u0131r<\/p>\n<p>Be\u015fikta\u015f &#8211; G\u00f6ztepe: Ozan Erg\u00fcn<\/p>\n<p>Fenerbah\u00e7e &#8211; Kas\u0131mpa\u015fa: Yasin Kol<\/p>\n<p>T\u00fcrkiye&#x27;den ve D\u00fcnya\u2019dan son dakika haberleri, k\u00f6\u015fe yaz\u0131lar\u0131, magazinden siyasete, spordan seyahate b\u00fct\u00fcn konular\u0131n tek adresi Hurriyet.com.tr haber i\u00e7erikleri izin al\u0131nmadan, kaynak g\u00f6sterilerek dahi iktibas edilemez. Kanuna ayk\u0131r\u0131 ve izinsiz olarak kopyalanamaz, ba\u015fka yerde yay\u0131nlanamaz.<\/p>\n","protected":false},"excerpt":{"rendered":"<p>S\u00fcper Lig&#8217;in 23. haftas\u0131nda g\u00f6rev alacak hakemler belli oldu.<\/p>\n","protected":false},"author":2,"featured_media":2392,"comment_status":"open","ping_status":"open","sticky":false,"template":"","format":"standard","meta":{"footnotes":""},"categories":[8,5,7],"tags":[],"class_list":["post-2393","post","type-post","status-publish","format-standard","has-post-thumbnail","hentry","category-arsiv","category-son-dakika","category-spor"],"_links":{"self":[{"href":"https:\/\/eskigazeteci.com\/index.php?rest_route=\/wp\/v2\/posts\/2393","targetHints":{"allow":["GET"]}}],"collection":[{"href":"https:\/\/eskigazeteci.com\/index.php?rest_route=\/wp\/v2\/posts"}],"about":[{"href":"https:\/\/eskigazeteci.com\/index.php?rest_route=\/wp\/v2\/types\/post"}],"author":[{"embeddable":true,"href":"https:\/\/eskigazeteci.com\/index.php?rest_route=\/wp\/v2\/users\/2"}],"replies":[{"embeddable":true,"href":"https:\/\/eskigazeteci.com\/index.php?rest_route=%2Fwp%2Fv2%2Fcomments&post=2393"}],"version-history":[{"count":0,"href":"https:\/\/eskigazeteci.com\/index.php?rest_route=\/wp\/v2\/posts\/2393\/revisions"}],"wp:featuredmedia":[{"embeddable":true,"href":"https:\/\/eskigazeteci.com\/index.php?rest_route=\/wp\/v2\/media\/2392"}],"wp:attachment":[{"href":"https:\/\/eskigazeteci.com\/index.php?rest_route=%2Fwp%2Fv2%2Fmedia&parent=2393"}],"wp:term":[{"taxonomy":"category","embeddable":true,"href":"https:\/\/eskigazeteci.com\/index.php?rest_route=%2Fwp%2Fv2%2Fcategories&post=2393"},{"taxonomy":"post_tag","embeddable":true,"href":"https:\/\/eskigazeteci.com\/index.php?rest_route=%2Fwp%2Fv2%2Ftags&post=2393"}],"curies":[{"name":"wp","href":"https:\/\/api.w.org\/{rel}","templated":true}]}}