{"id":2391,"date":"2026-02-20T09:09:39","date_gmt":"2026-02-20T09:09:39","guid":{"rendered":"https:\/\/eskigazeteci.com\/?p=2391"},"modified":"2026-02-20T09:09:39","modified_gmt":"2026-02-20T09:09:39","slug":"istanbuldaki-uyusturucu-sorusturmasinda-yeni-gelisme-2-suphelinin-testi-pozitif-cikti","status":"publish","type":"post","link":"https:\/\/eskigazeteci.com\/?p=2391","title":{"rendered":"\u0130stanbul&#8217;daki uyu\u015fturucu soru\u015fturmas\u0131nda yeni geli\u015fme: 2 \u015f\u00fcphelinin testi pozitif \u00e7\u0131kt\u0131"},"content":{"rendered":"<p>\u0130stanbul Cumhuriyet Ba\u015fsavc\u0131l\u0131\u011f\u0131nca y\u00fcr\u00fct\u00fclen uyu\u015fturucu soru\u015fturmas\u0131 kapsam\u0131nda, kan, sa\u00e7, idrar ve t\u0131rnak \u00f6rnekleri al\u0131nan 4 \u015f\u00fcpheliyle ilgili ATK taraf\u0131ndan rapor haz\u0131rland\u0131.<\/p>\n<p>Buna g\u00f6re, Aykut Tarak\u00e7\u0131o\u011flu ile Gaye K\u0131ray &#x27;\u0131n uyu\u015fturucu test sonu\u00e7lar\u0131n\u0131n pozitif oldu\u011fu belirlendi.<\/p>\n<p>Melis Y\u00fcr\u00fcr ve Deniz Sava\u015fo\u011flu&#x27;nun test sonu\u00e7lar\u0131n\u0131n ise negatif oldu\u011fu tespit edildi.<\/p>\n<p>T\u00fcrkiye g\u00fcndeminden son dakika haberleri, bug\u00fcn ya\u015fanan en son geli\u015fmeler, siyaset g\u00fcndeminden g\u00fcncel haberler ve b\u00fct\u00fcn son dakika haberleri i\u00e7in H\u00fcrriyet&#x27;in internet haber sitesi hurriyet.com.tr; Hurriyet.com.tr haber i\u00e7erikleri kaynak g\u00f6sterilmeden al\u0131nt\u0131 yap\u0131lamaz, Kanuna ayk\u0131r\u0131 ve izinsiz olarak kopyalanamaz, ba\u015fka yerde yay\u0131nlanamaz.<\/p>\n","protected":false},"excerpt":{"rendered":"<p>\u0130stanbul&#8217;daki uyu\u015fturucu soru\u015fturmas\u0131 kapsam\u0131nda, Adli T\u0131p Kurumunda (ATK) kan, sa\u00e7, idrar ve t\u0131rnak \u00f6rnekleri al\u0131nan 2 \u015f\u00fcphelinin uyu\u015fturucu testi pozitif&#8230;<\/p>\n","protected":false},"author":2,"featured_media":2390,"comment_status":"open","ping_status":"open","sticky":false,"template":"","format":"standard","meta":{"footnotes":""},"categories":[8,6,5],"tags":[],"class_list":["post-2391","post","type-post","status-publish","format-standard","has-post-thumbnail","hentry","category-arsiv","category-gundem","category-son-dakika"],"_links":{"self":[{"href":"https:\/\/eskigazeteci.com\/index.php?rest_route=\/wp\/v2\/posts\/2391","targetHints":{"allow":["GET"]}}],"collection":[{"href":"https:\/\/eskigazeteci.com\/index.php?rest_route=\/wp\/v2\/posts"}],"about":[{"href":"https:\/\/eskigazeteci.com\/index.php?rest_route=\/wp\/v2\/types\/post"}],"author":[{"embeddable":true,"href":"https:\/\/eskigazeteci.com\/index.php?rest_route=\/wp\/v2\/users\/2"}],"replies":[{"embeddable":true,"href":"https:\/\/eskigazeteci.com\/index.php?rest_route=%2Fwp%2Fv2%2Fcomments&post=2391"}],"version-history":[{"count":0,"href":"https:\/\/eskigazeteci.com\/index.php?rest_route=\/wp\/v2\/posts\/2391\/revisions"}],"wp:featuredmedia":[{"embeddable":true,"href":"https:\/\/eskigazeteci.com\/index.php?rest_route=\/wp\/v2\/media\/2390"}],"wp:attachment":[{"href":"https:\/\/eskigazeteci.com\/index.php?rest_route=%2Fwp%2Fv2%2Fmedia&parent=2391"}],"wp:term":[{"taxonomy":"category","embeddable":true,"href":"https:\/\/eskigazeteci.com\/index.php?rest_route=%2Fwp%2Fv2%2Fcategories&post=2391"},{"taxonomy":"post_tag","embeddable":true,"href":"https:\/\/eskigazeteci.com\/index.php?rest_route=%2Fwp%2Fv2%2Ftags&post=2391"}],"curies":[{"name":"wp","href":"https:\/\/api.w.org\/{rel}","templated":true}]}}