{"id":2389,"date":"2026-02-20T09:08:06","date_gmt":"2026-02-20T09:08:06","guid":{"rendered":"https:\/\/eskigazeteci.com\/?p=2389"},"modified":"2026-02-20T09:08:06","modified_gmt":"2026-02-20T09:08:06","slug":"rizespor","status":"publish","type":"post","link":"https:\/\/eskigazeteci.com\/?p=2389","title":{"rendered":"Rizespor"},"content":{"rendered":"<p>\u00c7aykur Rizespor, Trendyol S\u00fcper Lig&#x27;in 23. haftas\u0131nda sahas\u0131nda Kocaelispor ile kar\u015f\u0131la\u015facak. T\u00fcrkiye Futbol Federasyonu (TFF) Merkez Hakem Kurulunun (MHK) a\u00e7\u0131klamas\u0131na g\u00f6re haftan\u0131n a\u00e7\u0131l\u0131\u015f kar\u015f\u0131la\u015fmas\u0131nda T\u00fcrkmen&#x27;in yard\u0131mc\u0131l\u0131klar\u0131n\u0131 Ceyhun Sesig\u00fczel ve Canda\u015f Elbil, \u00fcstlenecek. Peki, \u00c7aykur Rizespor Kocaelispor ma\u00e7\u0131 ne zaman, saat ka\u00e7ta? Trendyol S\u00fcper Lig Rizespor Kocaelispor ma\u00e7\u0131 hangi kanalda? \u0130\u015fte detaylar&#8230;<\/p>\n<p>R\u0130ZESPOR &#8211; KOCAEL\u0130SPOR MA\u00c7I NE ZAMAN?<\/p>\n<p>\u00c7aykur Didi Stad\u0131&#x27;nda oynanacak m\u00fcsabaka saat, 20.00&#x27;de ba\u015flayacak. Rizespor Kocaelispor ma\u00e7\u0131 beIN Sports 1 ekranlar\u0131ndan naklen yay\u0131nlanacak.<\/p>\n<p>MUHTEMEL 11&#x27;LER<\/p>\n<p>\u00c7aykur Rizespor: Fofana; Akayd\u0131n, Hojer, Mocsi, \u015eahin; Pala, Antalyali; Mihaila, Laci, Olawoyin; Sowe<\/p>\n<p>Kocaeli: De\u011firmenci; O\u011fuz, Balogh, Smolcic, Haidara; Keita, Show, Bing\u00f6l; Kele\u015f, Petkovic, Rivas<\/p>\n<p>Karadeniz ekibinde sakatl\u0131\u011f\u0131 bulunan Alikulov ve kart cezal\u0131s\u0131 Papanikolaou, bug\u00fcn ma\u00e7ta forma giyemeyecek.<\/p>\n<p>Ye\u015fil-siyahl\u0131 ekipte sakatl\u0131klar\u0131 bulunan Aleksandar Jovanovic, Mateusz Wieteska ve Mahamadou Susoho, yar\u0131nki ma\u00e7ta forma giyemeyecek.<\/p>\n<p>S\u00fcper Lig &#x27;de geride kalan 22 haftada 8 galibiyet, 6 beraberlik ve 8 ma\u011flubiyet alan ye\u015fil-siyahl\u0131 ekip, 30 puanla 7. s\u0131rada&#8230;<\/p>\n","protected":false},"excerpt":{"rendered":"<p>\u00c7aykur Rizespor, S\u00fcper Lig&#8217;de Kocaelispor&#8217;u konuk edecek. \u00c7aykur Didi Stad\u0131&#8217;nda oynanacak m\u00fcsabakan\u0131n canl\u0131 yay\u0131n bilgisi taraftarlar taraf\u0131ndan merak&#8230;<\/p>\n","protected":false},"author":2,"featured_media":2388,"comment_status":"open","ping_status":"open","sticky":false,"template":"","format":"standard","meta":{"footnotes":""},"categories":[8,5,7],"tags":[],"class_list":["post-2389","post","type-post","status-publish","format-standard","has-post-thumbnail","hentry","category-arsiv","category-son-dakika","category-spor"],"_links":{"self":[{"href":"https:\/\/eskigazeteci.com\/index.php?rest_route=\/wp\/v2\/posts\/2389","targetHints":{"allow":["GET"]}}],"collection":[{"href":"https:\/\/eskigazeteci.com\/index.php?rest_route=\/wp\/v2\/posts"}],"about":[{"href":"https:\/\/eskigazeteci.com\/index.php?rest_route=\/wp\/v2\/types\/post"}],"author":[{"embeddable":true,"href":"https:\/\/eskigazeteci.com\/index.php?rest_route=\/wp\/v2\/users\/2"}],"replies":[{"embeddable":true,"href":"https:\/\/eskigazeteci.com\/index.php?rest_route=%2Fwp%2Fv2%2Fcomments&post=2389"}],"version-history":[{"count":0,"href":"https:\/\/eskigazeteci.com\/index.php?rest_route=\/wp\/v2\/posts\/2389\/revisions"}],"wp:featuredmedia":[{"embeddable":true,"href":"https:\/\/eskigazeteci.com\/index.php?rest_route=\/wp\/v2\/media\/2388"}],"wp:attachment":[{"href":"https:\/\/eskigazeteci.com\/index.php?rest_route=%2Fwp%2Fv2%2Fmedia&parent=2389"}],"wp:term":[{"taxonomy":"category","embeddable":true,"href":"https:\/\/eskigazeteci.com\/index.php?rest_route=%2Fwp%2Fv2%2Fcategories&post=2389"},{"taxonomy":"post_tag","embeddable":true,"href":"https:\/\/eskigazeteci.com\/index.php?rest_route=%2Fwp%2Fv2%2Ftags&post=2389"}],"curies":[{"name":"wp","href":"https:\/\/api.w.org\/{rel}","templated":true}]}}