{"id":2385,"date":"2026-02-20T08:41:03","date_gmt":"2026-02-20T08:41:03","guid":{"rendered":"https:\/\/eskigazeteci.com\/?p=2385"},"modified":"2026-02-20T08:41:03","modified_gmt":"2026-02-20T08:41:03","slug":"imalathanede-skandal-goruntu-ayakla-hamur-cignenen-isletme-muhurlendi","status":"publish","type":"post","link":"https:\/\/eskigazeteci.com\/?p=2385","title":{"rendered":"\u0130malathanede skandal g\u00f6r\u00fcnt\u00fc! Ayakla hamur \u00e7i\u011fnenen i\u015fletme m\u00fch\u00fcrlendi"},"content":{"rendered":"<p>Akyaz\u0131 il\u00e7esinde faaliyet g\u00f6steren tatl\u0131 imalathanesinde kaydedildi\u011fi \u00f6ne s\u00fcr\u00fclen ve sanal medyada payla\u015f\u0131lan g\u00f6r\u00fcnt\u00fcler tepki \u00e7ekti. G\u00f6r\u00fcnt\u00fclerde bir ki\u015finin hamuru aya\u011f\u0131yla \u00e7i\u011fnedi\u011finin g\u00f6r\u00fclmesi \u00fczerine ekipler \u00e7al\u0131\u015fma yapt\u0131. \u0130hbar \u00fczerine d\u00fcn ak\u015fam saatlerinde i\u015fletme denetlendi. Denetim kapsam\u0131nda imalathane ve sat\u0131\u015f yeri olmak \u00fczere 2 ayr\u0131 d\u00fckkan m\u00fch\u00fcrlendi, i\u015fletmeye ise cezai i\u015flem uyguland\u0131.<\/p>\n<p>Konuyla ilgili Sakarya \u0130l Tar\u0131m ve Orman M\u00fcd\u00fcrl\u00fc\u011f\u00fc\u2019ne de bilgi verildi\u011fi ve s\u00fcrecin s\u00fcrd\u00fcr\u00fcld\u00fc\u011f\u00fc \u00f6\u011frenildi. Olayla ilgili idari i\u015flemlerin devam etti\u011fi bildirildi. (DHA)<\/p>\n<p>T\u00fcrkiye g\u00fcndeminden son dakika haberleri, bug\u00fcn ya\u015fanan en son geli\u015fmeler, siyaset g\u00fcndeminden g\u00fcncel haberler ve b\u00fct\u00fcn son dakika haberleri i\u00e7in H\u00fcrriyet&#x27;in internet haber sitesi hurriyet.com.tr; Hurriyet.com.tr haber i\u00e7erikleri kaynak g\u00f6sterilmeden al\u0131nt\u0131 yap\u0131lamaz, Kanuna ayk\u0131r\u0131 ve izinsiz olarak kopyalanamaz, ba\u015fka yerde yay\u0131nlanamaz.<\/p>\n","protected":false},"excerpt":{"rendered":"<p>Sakarya\u2019n\u0131n Akyaz\u0131 il\u00e7esinde, \u00e7al\u0131\u015fan\u0131n\u0131n hamuru aya\u011f\u0131yla \u00e7i\u011fnedi\u011fi g\u00f6r\u00fcnt\u00fclerin sanal medyada yay\u0131lmas\u0131n\u0131n ard\u0131ndan tatl\u0131 imalathanesinde denetim yap\u0131ld\u0131&#8230;.<\/p>\n","protected":false},"author":2,"featured_media":2384,"comment_status":"open","ping_status":"open","sticky":false,"template":"","format":"standard","meta":{"footnotes":""},"categories":[8,6,5],"tags":[],"class_list":["post-2385","post","type-post","status-publish","format-standard","has-post-thumbnail","hentry","category-arsiv","category-gundem","category-son-dakika"],"_links":{"self":[{"href":"https:\/\/eskigazeteci.com\/index.php?rest_route=\/wp\/v2\/posts\/2385","targetHints":{"allow":["GET"]}}],"collection":[{"href":"https:\/\/eskigazeteci.com\/index.php?rest_route=\/wp\/v2\/posts"}],"about":[{"href":"https:\/\/eskigazeteci.com\/index.php?rest_route=\/wp\/v2\/types\/post"}],"author":[{"embeddable":true,"href":"https:\/\/eskigazeteci.com\/index.php?rest_route=\/wp\/v2\/users\/2"}],"replies":[{"embeddable":true,"href":"https:\/\/eskigazeteci.com\/index.php?rest_route=%2Fwp%2Fv2%2Fcomments&post=2385"}],"version-history":[{"count":0,"href":"https:\/\/eskigazeteci.com\/index.php?rest_route=\/wp\/v2\/posts\/2385\/revisions"}],"wp:featuredmedia":[{"embeddable":true,"href":"https:\/\/eskigazeteci.com\/index.php?rest_route=\/wp\/v2\/media\/2384"}],"wp:attachment":[{"href":"https:\/\/eskigazeteci.com\/index.php?rest_route=%2Fwp%2Fv2%2Fmedia&parent=2385"}],"wp:term":[{"taxonomy":"category","embeddable":true,"href":"https:\/\/eskigazeteci.com\/index.php?rest_route=%2Fwp%2Fv2%2Fcategories&post=2385"},{"taxonomy":"post_tag","embeddable":true,"href":"https:\/\/eskigazeteci.com\/index.php?rest_route=%2Fwp%2Fv2%2Ftags&post=2385"}],"curies":[{"name":"wp","href":"https:\/\/api.w.org\/{rel}","templated":true}]}}