{"id":2383,"date":"2026-02-20T08:39:30","date_gmt":"2026-02-20T08:39:30","guid":{"rendered":"https:\/\/eskigazeteci.com\/?p=2383"},"modified":"2026-02-20T08:39:30","modified_gmt":"2026-02-20T08:39:30","slug":"gazzede-insanlik-drami-bitmedi-abluka-devam-ediyor","status":"publish","type":"post","link":"https:\/\/eskigazeteci.com\/?p=2383","title":{"rendered":"Gazze&#8217;de insanl\u0131k dram\u0131 bitmedi: Abluka devam ediyor"},"content":{"rendered":"<p>UNRWA, ABD merkezli X \u015firketinin sosyal medya hesab\u0131ndan yapt\u0131\u011f\u0131 a\u00e7\u0131klamada, Gazze&#x27;deki insani duruma ili\u015fkin bilgi verdi.<\/p>\n<p>A\u00e7\u0131klamada, UNRWA&#x27;n\u0131n yerinden edilen Filistinlilere sa\u011fl\u0131k, e\u011fitim, bar\u0131nma ve g\u0131da yard\u0131m\u0131 hizmetleri dahil temel hizmetler sunmay\u0131 s\u00fcrd\u00fcrd\u00fc\u011f\u00fc belirtildi.<\/p>\n<p>Gazze \u015eeridi genelinde insani ko\u015fullar\u0131n hala k\u00f6t\u00fc oldu\u011fu kaydedilen a\u00e7\u0131klamada, \u0130srail&#x27;in insani yard\u0131mlar\u0131n ula\u015ft\u0131r\u0131lmas\u0131na y\u00f6nelik k\u0131s\u0131tlamalar\u0131na devam etti\u011fi kaydedildi.<\/p>\n<p>UNRWA&#x27;n\u0131n a\u00e7\u0131klamas\u0131nda, mevcut durumda ula\u015ft\u0131r\u0131lmas\u0131na izin verilen yard\u0131m miktar\u0131n\u0131n Filistinlilerin ihtiya\u00e7lar\u0131n\u0131n \u00e7ok alt\u0131nda kald\u0131\u011f\u0131n\u0131 belirtilerek, insani yard\u0131mlar\u0131n eri\u015fimine y\u00f6nelik k\u0131s\u0131tlamalar\u0131n kald\u0131r\u0131lmas\u0131 \u00e7a\u011fr\u0131s\u0131 yap\u0131ld\u0131.<\/p>\n<p>Yurtd\u0131\u015f\u0131nda ya\u015fanan en son olaylar, d\u00fcnya g\u00fcndemine oturan d\u0131\u015f haberler, son dakika d\u00fcnya haberleri, di\u011fer d\u00fcnya \u00fclkelerinden g\u00fcncel haberler i\u00e7in T\u00fcrkiye&#x27;nin haber sitesi hurriyet.com.tr; Hurriyet.com.tr haber i\u00e7erikleri kaynak g\u00f6sterilmeden al\u0131nt\u0131 yap\u0131lamaz, Kanuna ayk\u0131r\u0131 ve izinsiz olarak kopyalanamaz, ba\u015fka yerde yay\u0131nlanamaz.<\/p>\n","protected":false},"excerpt":{"rendered":"<p>Birle\u015fmi\u015f Milletler Yak\u0131n Do\u011fu\u2019daki Filistinli M\u00fcltecilere Yard\u0131m ve Bay\u0131nd\u0131rl\u0131k Ajans\u0131 (UNRWA), Gazze \u015eeridi genelinde insani ko\u015fullar\u0131n hala k\u00f6t\u00fc oldu\u011funu&#8230;<\/p>\n","protected":false},"author":2,"featured_media":2382,"comment_status":"open","ping_status":"open","sticky":false,"template":"","format":"standard","meta":{"footnotes":""},"categories":[8,6,5],"tags":[],"class_list":["post-2383","post","type-post","status-publish","format-standard","has-post-thumbnail","hentry","category-arsiv","category-gundem","category-son-dakika"],"_links":{"self":[{"href":"https:\/\/eskigazeteci.com\/index.php?rest_route=\/wp\/v2\/posts\/2383","targetHints":{"allow":["GET"]}}],"collection":[{"href":"https:\/\/eskigazeteci.com\/index.php?rest_route=\/wp\/v2\/posts"}],"about":[{"href":"https:\/\/eskigazeteci.com\/index.php?rest_route=\/wp\/v2\/types\/post"}],"author":[{"embeddable":true,"href":"https:\/\/eskigazeteci.com\/index.php?rest_route=\/wp\/v2\/users\/2"}],"replies":[{"embeddable":true,"href":"https:\/\/eskigazeteci.com\/index.php?rest_route=%2Fwp%2Fv2%2Fcomments&post=2383"}],"version-history":[{"count":0,"href":"https:\/\/eskigazeteci.com\/index.php?rest_route=\/wp\/v2\/posts\/2383\/revisions"}],"wp:featuredmedia":[{"embeddable":true,"href":"https:\/\/eskigazeteci.com\/index.php?rest_route=\/wp\/v2\/media\/2382"}],"wp:attachment":[{"href":"https:\/\/eskigazeteci.com\/index.php?rest_route=%2Fwp%2Fv2%2Fmedia&parent=2383"}],"wp:term":[{"taxonomy":"category","embeddable":true,"href":"https:\/\/eskigazeteci.com\/index.php?rest_route=%2Fwp%2Fv2%2Fcategories&post=2383"},{"taxonomy":"post_tag","embeddable":true,"href":"https:\/\/eskigazeteci.com\/index.php?rest_route=%2Fwp%2Fv2%2Ftags&post=2383"}],"curies":[{"name":"wp","href":"https:\/\/api.w.org\/{rel}","templated":true}]}}