{"id":2381,"date":"2026-02-20T08:37:58","date_gmt":"2026-02-20T08:37:58","guid":{"rendered":"https:\/\/eskigazeteci.com\/?p=2381"},"modified":"2026-02-20T08:37:58","modified_gmt":"2026-02-20T08:37:58","slug":"yerel-uretime-destek-icin-is-birligi","status":"publish","type":"post","link":"https:\/\/eskigazeteci.com\/?p=2381","title":{"rendered":"Yerel \u00fcretime destek i\u00e7in i\u015f birli\u011fi"},"content":{"rendered":"<p>Market zinciri CarrefourSA, yerel \u00fcretime destek i\u00e7in Kayseri Valili\u011fi ve Kayseri \u015eeker ile i\u015fbirli\u011fine gitti\u011fini duyurdu.<\/p>\n","protected":false},"excerpt":{"rendered":"<p>Market zinciri CarrefourSA, yerel \u00fcretime destek i\u00e7in Kayseri Valili\u011fi ve Kayseri \u015eeker ile i\u015fbirli\u011fine gitti\u011fini duyurdu.<\/p>\n","protected":false},"author":2,"featured_media":2380,"comment_status":"open","ping_status":"open","sticky":false,"template":"","format":"standard","meta":{"footnotes":""},"categories":[8,6,5],"tags":[],"class_list":["post-2381","post","type-post","status-publish","format-standard","has-post-thumbnail","hentry","category-arsiv","category-gundem","category-son-dakika"],"_links":{"self":[{"href":"https:\/\/eskigazeteci.com\/index.php?rest_route=\/wp\/v2\/posts\/2381","targetHints":{"allow":["GET"]}}],"collection":[{"href":"https:\/\/eskigazeteci.com\/index.php?rest_route=\/wp\/v2\/posts"}],"about":[{"href":"https:\/\/eskigazeteci.com\/index.php?rest_route=\/wp\/v2\/types\/post"}],"author":[{"embeddable":true,"href":"https:\/\/eskigazeteci.com\/index.php?rest_route=\/wp\/v2\/users\/2"}],"replies":[{"embeddable":true,"href":"https:\/\/eskigazeteci.com\/index.php?rest_route=%2Fwp%2Fv2%2Fcomments&post=2381"}],"version-history":[{"count":0,"href":"https:\/\/eskigazeteci.com\/index.php?rest_route=\/wp\/v2\/posts\/2381\/revisions"}],"wp:featuredmedia":[{"embeddable":true,"href":"https:\/\/eskigazeteci.com\/index.php?rest_route=\/wp\/v2\/media\/2380"}],"wp:attachment":[{"href":"https:\/\/eskigazeteci.com\/index.php?rest_route=%2Fwp%2Fv2%2Fmedia&parent=2381"}],"wp:term":[{"taxonomy":"category","embeddable":true,"href":"https:\/\/eskigazeteci.com\/index.php?rest_route=%2Fwp%2Fv2%2Fcategories&post=2381"},{"taxonomy":"post_tag","embeddable":true,"href":"https:\/\/eskigazeteci.com\/index.php?rest_route=%2Fwp%2Fv2%2Ftags&post=2381"}],"curies":[{"name":"wp","href":"https:\/\/api.w.org\/{rel}","templated":true}]}}