{"id":238,"date":"2026-02-09T09:53:40","date_gmt":"2026-02-09T09:53:40","guid":{"rendered":"https:\/\/eskigazeteci.com\/?p=238"},"modified":"2026-02-09T09:53:40","modified_gmt":"2026-02-09T09:53:40","slug":"haber-94","status":"publish","type":"post","link":"https:\/\/eskigazeteci.com\/?p=238","title":{"rendered":"Haber"},"content":{"rendered":"<p>Ordudan yap\u0131lan a\u00e7\u0131klamada, 4 Filistinlinin Refah&#x27;taki t\u00fcnellerden \u00e7\u0131kt\u0131\u011f\u0131 \u00f6ne s\u00fcr\u00fcld\u00fc.<\/p>\n<p>\u0130srail Ordu S\u00f6zc\u00fcs\u00fc Avichay Adraee, sosyal medya hesab\u0131ndan yapt\u0131\u011f\u0131 yaz\u0131l\u0131 a\u00e7\u0131klamada, &quot;Do\u011fu Refah\u2019ta ter\u00f6ristlerin imhas\u0131na devam ediliyor. \u0130srail kuvvetleri, b\u00f6lgedeki yeralt\u0131 t\u00fcnel a\u011f\u0131ndan \u00e7\u0131kan d\u00f6rt ter\u00f6risti daha etkisiz hale getirdi.&quot; a\u00e7\u0131klamas\u0131n\u0131 yapt\u0131.<\/p>\n<p>Do\u011fu Refah\u2019taki bir t\u00fcnel giri\u015finden \u00e7\u0131kan 4 ki\u015finin \u0130srail g\u00fc\u00e7lerine ate\u015f a\u00e7t\u0131\u011f\u0131 iddia edilen a\u00e7\u0131klamada, askerlerin kar\u015f\u0131l\u0131k vermesi sonucu 4 Filistinlinin \u00f6ld\u00fcr\u00fcld\u00fc\u011f\u00fc kaydedildi.<\/p>\n<p>\u0130srail ordusunun, b\u00f6lgede kalan ki\u015fileri bulmak amac\u0131yla operasyonlar\u0131n s\u00fcrd\u00fc\u011f\u00fc, G\u00fcney Komutanl\u0131\u011f\u0131\u2019na ba\u011fl\u0131 birliklerin ate\u015fkes anla\u015fmas\u0131na uygun \u015fekilde b\u00f6lgede konu\u015fland\u0131r\u0131ld\u0131\u011f\u0131 ve &quot;acil tehditleri ortadan kald\u0131rmak&quot; i\u00e7in harekete ge\u00e7meye devam edece\u011fi belirtildi.<\/p>\n<p>F\u0130L\u0130ST\u0130NL\u0130LER REFAH&#x27;TA MAHSUR<\/p>\n<p>Gazze \u015eeridi &#x27;nin g\u00fcneyindeki Refah&#x27;ta \u00e7ok say\u0131da Filistinli, 10 Ekim&#x27;de devreye giren ate\u015fkes sonras\u0131nda mahsur kalm\u0131\u015f ve \u0130srail, Hamas&#x27;\u0131n askeri kanad\u0131 \u0130zzeddin el-Kassam Tugaylar\u0131 \u00fcyesi oldu\u011funu iddia etti\u011fi Filistinlilerin b\u00f6lgeden \u00e7\u0131k\u0131\u015f\u0131na, arabulucu \u00fclkelerin \u00e7abalar\u0131na ra\u011fmen, m\u00fcsaade etmemi\u015fti.<\/p>\n<p>ABD Ba\u015fkan\u0131 Donald Trump&#x27;\u0131n ocak ay\u0131 ortas\u0131nda ate\u015fkesin ikinci a\u015famas\u0131n\u0131n ba\u015flad\u0131\u011f\u0131n\u0131 duyurmas\u0131na ra\u011fmen, t\u00fcnellerde mahsur kalanlar dahil Gazze&#x27;deki ate\u015fkes s\u00fcrecine ili\u015fkin sorunlar \u00e7\u00f6z\u00fclmedi.<\/p>\n<p>\u0130srail ordusu , Refah&#x27;ta bir t\u00fcnelde mahsur kald\u0131\u011f\u0131n\u0131 iddia etti\u011fi Hamas mensuplar\u0131n\u0131 hedef ald\u0131\u011f\u0131n\u0131 \u00f6ne s\u00fcr\u00fcyor.<\/p>\n<p>\u0130srail bas\u0131n\u0131na g\u00f6re Refah &#x27;\u0131n do\u011fusundaki bir t\u00fcnelde yakla\u015f\u0131k 200 Hamas mensubu mahsur kald\u0131.<\/p>\n<p>Tel Aviv y\u00f6netimi ise Hamas ve ate\u015fkese arabulucu \u00fclkelerin s\u00f6z konusu Hamas mensuplar\u0131n\u0131n Gazze&#x27;deki di\u011fer b\u00f6lgelere ge\u00e7i\u015fine izin vermesi y\u00f6n\u00fcndeki taleplerini yan\u0131ts\u0131z b\u0131rakt\u0131.<\/p>\n<p>Yurtd\u0131\u015f\u0131nda ya\u015fanan en son olaylar, d\u00fcnya g\u00fcndemine oturan d\u0131\u015f haberler, son dakika d\u00fcnya haberleri, di\u011fer d\u00fcnya \u00fclkelerinden g\u00fcncel haberler i\u00e7in T\u00fcrkiye&#x27;nin haber sitesi hurriyet.com.tr; Hurriyet.com.tr haber i\u00e7erikleri kaynak g\u00f6sterilmeden al\u0131nt\u0131 yap\u0131lamaz, Kanuna ayk\u0131r\u0131 ve izinsiz olarak kopyalanamaz, ba\u015fka yerde yay\u0131nlanamaz.<\/p>\n","protected":false},"excerpt":{"rendered":"<p>\u0130srail ordusu, Gazze \u015eeridi&#8217;nin g\u00fcneyindeki Refah kentinde mahsur kalan Filistinlilerden 4&#8217;\u00fcn\u00fc daha \u00f6ld\u00fcrd\u00fc\u011f\u00fcn\u00fc bildirdi.<\/p>\n","protected":false},"author":2,"featured_media":237,"comment_status":"open","ping_status":"open","sticky":false,"template":"","format":"standard","meta":{"footnotes":""},"categories":[8,3],"tags":[],"class_list":["post-238","post","type-post","status-publish","format-standard","has-post-thumbnail","hentry","category-arsiv","category-siyaset"],"_links":{"self":[{"href":"https:\/\/eskigazeteci.com\/index.php?rest_route=\/wp\/v2\/posts\/238","targetHints":{"allow":["GET"]}}],"collection":[{"href":"https:\/\/eskigazeteci.com\/index.php?rest_route=\/wp\/v2\/posts"}],"about":[{"href":"https:\/\/eskigazeteci.com\/index.php?rest_route=\/wp\/v2\/types\/post"}],"author":[{"embeddable":true,"href":"https:\/\/eskigazeteci.com\/index.php?rest_route=\/wp\/v2\/users\/2"}],"replies":[{"embeddable":true,"href":"https:\/\/eskigazeteci.com\/index.php?rest_route=%2Fwp%2Fv2%2Fcomments&post=238"}],"version-history":[{"count":0,"href":"https:\/\/eskigazeteci.com\/index.php?rest_route=\/wp\/v2\/posts\/238\/revisions"}],"wp:featuredmedia":[{"embeddable":true,"href":"https:\/\/eskigazeteci.com\/index.php?rest_route=\/wp\/v2\/media\/237"}],"wp:attachment":[{"href":"https:\/\/eskigazeteci.com\/index.php?rest_route=%2Fwp%2Fv2%2Fmedia&parent=238"}],"wp:term":[{"taxonomy":"category","embeddable":true,"href":"https:\/\/eskigazeteci.com\/index.php?rest_route=%2Fwp%2Fv2%2Fcategories&post=238"},{"taxonomy":"post_tag","embeddable":true,"href":"https:\/\/eskigazeteci.com\/index.php?rest_route=%2Fwp%2Fv2%2Ftags&post=238"}],"curies":[{"name":"wp","href":"https:\/\/api.w.org\/{rel}","templated":true}]}}