{"id":2379,"date":"2026-02-20T08:30:59","date_gmt":"2026-02-20T08:30:59","guid":{"rendered":"https:\/\/eskigazeteci.com\/?p=2379"},"modified":"2026-02-20T08:30:59","modified_gmt":"2026-02-20T08:30:59","slug":"yasa-disi-bahis-gelirini-akliyorlardi-suc-orgutu-uyelerine-17-yila-kadar-hapis-istemi","status":"publish","type":"post","link":"https:\/\/eskigazeteci.com\/?p=2379","title":{"rendered":"Yasa d\u0131\u015f\u0131 bahis gelirini akl\u0131yorlard\u0131: Su\u00e7 \u00f6rg\u00fct\u00fc \u00fcyelerine 17 y\u0131la kadar hapis istemi"},"content":{"rendered":"<p>\u0130stanbul Cumhuriyet Ba\u015fsavc\u0131l\u0131\u011f\u0131 Ter\u00f6rizmin Finansman\u0131n\u0131n \u00d6nlenmesi ve Aklama Su\u00e7u Soru\u015fturma B\u00fcrosunca haz\u0131rlanan iddianamede, Ba\u015fer Yaz\u0131l\u0131m Sanayi ve Ticaret A\u015e, Cesplus Fuarc\u0131l\u0131k Turizm Otomotiv ve Ticaret Ltd. \u015eti, Erc Estetik Turizm Sa\u011fl\u0131k Hizmetleri Ticaret Ltd. \u015eti, Riessa Kuyumculuk Sanayi Ticaret Ltd. \u015eti, Seven 7 Event Organizasyon Turizm \u0130n\u015faat Sanayi ve Ticaret Ltd. \u015eti, Tasfiye Halinde Mess Kozmetik Pazarlama Sanayi ve Ticaret Ltd. \u015eti. &quot;malen sorumlu&quot; olarak yer ald\u0131.<\/p>\n<p>\u0130ddianamede, T\u00fcrkiye&#x27;de son d\u00f6nemlerde h\u0131zla artan yasa d\u0131\u015f\u0131 bahis su\u00e7u nedeniyle olu\u015fan ma\u011fduriyetlerin \u00f6nlenmesi ve yasa d\u0131\u015f\u0131 bahisle m\u00fccadele etmek amac\u0131yla \u00e7al\u0131\u015fmalar yap\u0131ld\u0131\u011f\u0131 vurguland\u0131.<\/p>\n<p>Bu kapsamda, firari san\u0131k Derkan Ba\u015fer hakk\u0131nda, Siber Su\u00e7larla M\u00fccadele Daire Ba\u015fkanl\u0131\u011f\u0131nca haz\u0131rlanan ara\u015ft\u0131rma raporu oldu\u011fu ve birden fazla &quot;Futbol ve Di\u011fer Spor M\u00fcsabakalar\u0131nda Bahis ve \u015eans Oyunlar\u0131 D\u00fczenlenmesi Hakk\u0131nda Kanuna muhalefet&quot; su\u00e7undan soru\u015fturma ve kovu\u015fturma bulundu\u011fu belirtildi.<\/p>\n<p>Ba\u015fer&#x27;in &quot;\u00f6rg\u00fct eleba\u015f\u0131&quot; olarak konumland\u0131r\u0131ld\u0131\u011f\u0131, &quot;yasa d\u0131\u015f\u0131 bahis&quot; su\u00e7undan hakk\u0131nda k\u0131rm\u0131z\u0131 b\u00fclten karar\u0131 oldu\u011fu aktar\u0131lan iddianamede, yap\u0131lan ara\u015ft\u0131rmalarda Ba\u015fer&#x27;in Batum&#x27;da oldu\u011funun anla\u015f\u0131ld\u0131\u011f\u0131&#8230;<\/p>\n","protected":false},"excerpt":{"rendered":"<p>Yasa d\u0131\u015f\u0131 bahis su\u00e7undan elde ettikleri geliri aklad\u0131\u011f\u0131 iddia edilen Derkan Ba\u015fer Su\u00e7 \u00d6rg\u00fct\u00fcne y\u00f6nelik y\u00fcr\u00fct\u00fclen soru\u015fturma kapsam\u0131nda 9&#8217;u firari 23 san\u0131k&#8230;<\/p>\n","protected":false},"author":2,"featured_media":2378,"comment_status":"open","ping_status":"open","sticky":false,"template":"","format":"standard","meta":{"footnotes":""},"categories":[8,6,5],"tags":[],"class_list":["post-2379","post","type-post","status-publish","format-standard","has-post-thumbnail","hentry","category-arsiv","category-gundem","category-son-dakika"],"_links":{"self":[{"href":"https:\/\/eskigazeteci.com\/index.php?rest_route=\/wp\/v2\/posts\/2379","targetHints":{"allow":["GET"]}}],"collection":[{"href":"https:\/\/eskigazeteci.com\/index.php?rest_route=\/wp\/v2\/posts"}],"about":[{"href":"https:\/\/eskigazeteci.com\/index.php?rest_route=\/wp\/v2\/types\/post"}],"author":[{"embeddable":true,"href":"https:\/\/eskigazeteci.com\/index.php?rest_route=\/wp\/v2\/users\/2"}],"replies":[{"embeddable":true,"href":"https:\/\/eskigazeteci.com\/index.php?rest_route=%2Fwp%2Fv2%2Fcomments&post=2379"}],"version-history":[{"count":0,"href":"https:\/\/eskigazeteci.com\/index.php?rest_route=\/wp\/v2\/posts\/2379\/revisions"}],"wp:featuredmedia":[{"embeddable":true,"href":"https:\/\/eskigazeteci.com\/index.php?rest_route=\/wp\/v2\/media\/2378"}],"wp:attachment":[{"href":"https:\/\/eskigazeteci.com\/index.php?rest_route=%2Fwp%2Fv2%2Fmedia&parent=2379"}],"wp:term":[{"taxonomy":"category","embeddable":true,"href":"https:\/\/eskigazeteci.com\/index.php?rest_route=%2Fwp%2Fv2%2Fcategories&post=2379"},{"taxonomy":"post_tag","embeddable":true,"href":"https:\/\/eskigazeteci.com\/index.php?rest_route=%2Fwp%2Fv2%2Ftags&post=2379"}],"curies":[{"name":"wp","href":"https:\/\/api.w.org\/{rel}","templated":true}]}}